{"id":1702,"date":"2021-02-24T16:33:32","date_gmt":"2021-02-24T15:33:32","guid":{"rendered":"http:\/\/agora.xtec.cat\/zer-les-salines\/?p=1702"},"modified":"2021-03-04T12:04:10","modified_gmt":"2021-03-04T11:04:10","slug":"preinscripcio-2021-2022","status":"publish","type":"post","link":"https:\/\/agora.xtec.cat\/zer-les-salines\/portada\/preinscripcio-2021-2022\/","title":{"rendered":"PREINSCRIPCI\u00d3 2021-2022"},"content":{"rendered":"<p>Avui s\u2019ha posat en marxa\u00a0el nou web\u00a0<a href=\"https:\/\/preinscripcio.gencat.cat\/ca\/inici\/\" target=\"_blank\" rel=\"noopener noreferrer\" data-saferedirecturl=\"https:\/\/www.google.com\/url?q=https:\/\/preinscripcio.gencat.cat\/ca\/inici\/&amp;source=gmail&amp;ust=1614262214971000&amp;usg=AFQjCNHEx97mH1G8sCaGd-lR5VbnHA4-Xg\">preinscripcio.gencat.cat<\/a>\u00a0<wbr \/>que neix de la voluntat d\u2019acompanyar millor les fam\u00edlies durant el proc\u00e9s de preinscripci\u00f3 2021-2022 als ensenyaments obligatoris. Aquest\u00a0nou portal tem\u00e0tic\u00a0veu la llum en el context de pand\u00e8mia per la covid-19\u00a0i permetr\u00e0 donar suport en la tramitaci\u00f3 telem\u00e0tica.<\/p>\n<p>En aquest espai web podreu trobar el calendari amb les dates i els documents necessaris per fer la preinscrici\u00f3.<\/p>\n","protected":false},"excerpt":{"rendered":"<p>Nou portal web on hi trobareu informaci\u00f3 per fer la preinscripci\u00f3 del curs 21-22&hellip;  <a href=\"https:\/\/agora.xtec.cat\/zer-les-salines\/portada\/preinscripcio-2021-2022\/\" title=\"Read PREINSCRIPCI\u00d3 2021-2022\">Llegeix m\u00e9s\u00bb<\/a><\/p>\n","protected":false},"author":1,"featured_media":1711,"comment_status":"open","ping_status":"closed","sticky":false,"template":"","format":"standard","meta":{"_bbp_topic_count":0,"_bbp_reply_count":0,"_bbp_total_topic_count":0,"_bbp_total_reply_count":0,"_bbp_voice_count":0,"_bbp_anonymous_reply_count":0,"_bbp_topic_count_hidden":0,"_bbp_reply_count_hidden":0,"_bbp_forum_subforum_count":0,"footnotes":""},"categories":[227,29],"tags":[290],"class_list":["post-1702","post","type-post","status-publish","format-standard","has-post-thumbnail","hentry","category-families","category-portada","tag-preinscripcio"],"post_mailing_queue_ids":[],"_links":{"self":[{"href":"https:\/\/agora.xtec.cat\/zer-les-salines\/wp-json\/wp\/v2\/posts\/1702","targetHints":{"allow":["GET"]}}],"collection":[{"href":"https:\/\/agora.xtec.cat\/zer-les-salines\/wp-json\/wp\/v2\/posts"}],"about":[{"href":"https:\/\/agora.xtec.cat\/zer-les-salines\/wp-json\/wp\/v2\/types\/post"}],"author":[{"embeddable":true,"href":"https:\/\/agora.xtec.cat\/zer-les-salines\/wp-json\/wp\/v2\/users\/1"}],"replies":[{"embeddable":true,"href":"https:\/\/agora.xtec.cat\/zer-les-salines\/wp-json\/wp\/v2\/comments?post=1702"}],"version-history":[{"count":1,"href":"https:\/\/agora.xtec.cat\/zer-les-salines\/wp-json\/wp\/v2\/posts\/1702\/revisions"}],"predecessor-version":[{"id":1704,"href":"https:\/\/agora.xtec.cat\/zer-les-salines\/wp-json\/wp\/v2\/posts\/1702\/revisions\/1704"}],"wp:featuredmedia":[{"embeddable":true,"href":"https:\/\/agora.xtec.cat\/zer-les-salines\/wp-json\/wp\/v2\/media\/1711"}],"wp:attachment":[{"href":"https:\/\/agora.xtec.cat\/zer-les-salines\/wp-json\/wp\/v2\/media?parent=1702"}],"wp:term":[{"taxonomy":"category","embeddable":true,"href":"https:\/\/agora.xtec.cat\/zer-les-salines\/wp-json\/wp\/v2\/categories?post=1702"},{"taxonomy":"post_tag","embeddable":true,"href":"https:\/\/agora.xtec.cat\/zer-les-salines\/wp-json\/wp\/v2\/tags?post=1702"}],"curies":[{"name":"wp","href":"https:\/\/api.w.org\/{rel}","templated":true}]}}