{"id":1688,"date":"2021-01-31T19:06:55","date_gmt":"2021-01-31T18:06:55","guid":{"rendered":"http:\/\/agora.xtec.cat\/zer-les-salines\/?p=1688"},"modified":"2021-03-03T19:26:12","modified_gmt":"2021-03-03T18:26:12","slug":"trailers","status":"publish","type":"post","link":"https:\/\/agora.xtec.cat\/zer-les-salines\/portada\/trailers\/","title":{"rendered":"Tr\u00e0ilers"},"content":{"rendered":"<p>Ara ja hi s\u00f3n tots! Aqu\u00ed teniu els tr\u00e0ilers que faltaven:<\/p>\n<p><a href=\"https:\/\/drive.google.com\/drive\/folders\/142lbIC9BkzCB-53ZMoQQTh3awikT_PBw?usp=sharing\">Tr\u00e0ilers de CM<\/a> de l&#8217;escola Llu\u00eds Mari\u00e0 Vidal (Agullana).<\/p>\n<p>Ja tenim aqu\u00ed els primers tr\u00e0ilers m\u00e9s esperats del trimestre! Aneu preparant les crispetes&#8230;<\/p>\n<p><a href=\"https:\/\/drive.google.com\/drive\/folders\/19K-0Wl1ea0rqH9_7Tcn0-G5N1YNIl84O?usp=sharing\">Tr\u00e0ilers de 4t i Cicle Superior<\/a> de l&#8217;escola Les Salines (Ma\u00e7anet de Cabrenys).<\/p>\n<p><a href=\"https:\/\/drive.google.com\/drive\/folders\/1_pWEeqbwGxiU6CZx6D5rnYCfTSCDFSnr?usp=sharing\">Tr\u00e0ilers de Cicle Superior<\/a> de l&#8217;escola Llu\u00eds Mari\u00e0 Vidal (Agullana).<\/p>\n<p><a href=\"https:\/\/drive.google.com\/drive\/folders\/1DcGnNG3go0awARQcYj5jqT1XXasq77GV?usp=sharing\">Tr\u00e0ilers de prim\u00e0ria<\/a> de l&#8217;escola Manuel de Pedrolo (Biure).<\/p>\n<p><a href=\"https:\/\/drive.google.com\/drive\/folders\/1cGY7eAMmhRVAeO7vteb5e55lUF8sA_Ir?usp=sharing\">Tr\u00e0ilers de CM i CS<\/a> de l&#8217;escola Santa Cec\u00edlia (Boadella).<\/p>\n<p>&nbsp;<\/p>\n<p><sup><em>*Per poder veure els tr\u00e0ilers heu d\u2019accedir amb l\u2019usuari i la contrasenya que teniu de @zerlessalines, aix\u00ed podem garantir la protecci\u00f3 dels drets d&#8217;imatge de totes les nenes i els nens de la ZER.\u00a0 Aquest v\u00eddeos no es poden distribuir per les xarxes socials ni cap altre espai que no sigui la web de la ZER. Moltes gr\u00e0cies pel respecte i la comprensi\u00f3.<\/em><\/sup><\/p>\n","protected":false},"excerpt":{"rendered":"<p>Ara ja hi s\u00f3n tots! Aqu\u00ed teniu els tr\u00e0ilers que faltaven:<br \/>\n<a href=\"https:\/\/drive.google.com\/drive\/folders\/142lbIC9BkzCB-53ZMoQQTh3awikT_PBw?usp=sharing\">Tr\u00e0ilers de CM<\/a> de l&#8217;escola Llu\u00eds Mari\u00e0 Vidal (Agullana).<br \/>\nJa tenim aqu\u00ed els primers tr\u00e0ilers m\u00e9s esperats del trimestre! Aneu preparant les crispetes&#8230;<br \/>\n<a href=\"https:\/\/drive.google.com\/drive\/folders\/19K-0Wl1ea0rqH9_7Tcn0-G5N1YNIl84O?usp=sharing\">Tr\u00e0ilers de 4t i Cicle Superior<\/a> de l&#8217;escola Les Salines (Ma\u00e7anet de&hellip;  <a href=\"https:\/\/agora.xtec.cat\/zer-les-salines\/portada\/trailers\/\" title=\"Read Tr\u00e0ilers\">Llegeix m\u00e9s\u00bb<\/a><\/p>\n","protected":false},"author":1,"featured_media":1689,"comment_status":"open","ping_status":"closed","sticky":false,"template":"","format":"standard","meta":{"_bbp_topic_count":0,"_bbp_reply_count":0,"_bbp_total_topic_count":0,"_bbp_total_reply_count":0,"_bbp_voice_count":0,"_bbp_anonymous_reply_count":0,"_bbp_topic_count_hidden":0,"_bbp_reply_count_hidden":0,"_bbp_forum_subforum_count":0,"footnotes":""},"categories":[114,116,117,120,123,29],"tags":[238,300,327],"class_list":["post-1688","post","type-post","status-publish","format-standard","has-post-thumbnail","hentry","category-blog-escola-lessalines","category-blog-escola-manueldepedrolo","category-blog-escola-santacecilia","category-ef","category-especialitats","category-portada","tag-ef","tag-expressio-corporal","tag-trailer"],"post_mailing_queue_ids":[],"_links":{"self":[{"href":"https:\/\/agora.xtec.cat\/zer-les-salines\/wp-json\/wp\/v2\/posts\/1688","targetHints":{"allow":["GET"]}}],"collection":[{"href":"https:\/\/agora.xtec.cat\/zer-les-salines\/wp-json\/wp\/v2\/posts"}],"about":[{"href":"https:\/\/agora.xtec.cat\/zer-les-salines\/wp-json\/wp\/v2\/types\/post"}],"author":[{"embeddable":true,"href":"https:\/\/agora.xtec.cat\/zer-les-salines\/wp-json\/wp\/v2\/users\/1"}],"replies":[{"embeddable":true,"href":"https:\/\/agora.xtec.cat\/zer-les-salines\/wp-json\/wp\/v2\/comments?post=1688"}],"version-history":[{"count":3,"href":"https:\/\/agora.xtec.cat\/zer-les-salines\/wp-json\/wp\/v2\/posts\/1688\/revisions"}],"predecessor-version":[{"id":1706,"href":"https:\/\/agora.xtec.cat\/zer-les-salines\/wp-json\/wp\/v2\/posts\/1688\/revisions\/1706"}],"wp:featuredmedia":[{"embeddable":true,"href":"https:\/\/agora.xtec.cat\/zer-les-salines\/wp-json\/wp\/v2\/media\/1689"}],"wp:attachment":[{"href":"https:\/\/agora.xtec.cat\/zer-les-salines\/wp-json\/wp\/v2\/media?parent=1688"}],"wp:term":[{"taxonomy":"category","embeddable":true,"href":"https:\/\/agora.xtec.cat\/zer-les-salines\/wp-json\/wp\/v2\/categories?post=1688"},{"taxonomy":"post_tag","embeddable":true,"href":"https:\/\/agora.xtec.cat\/zer-les-salines\/wp-json\/wp\/v2\/tags?post=1688"}],"curies":[{"name":"wp","href":"https:\/\/api.w.org\/{rel}","templated":true}]}}