{"id":1681,"date":"2020-12-20T20:22:05","date_gmt":"2020-12-20T19:22:05","guid":{"rendered":"http:\/\/agora.xtec.cat\/zer-les-salines\/?p=1681"},"modified":"2020-12-20T21:48:35","modified_gmt":"2020-12-20T20:48:35","slug":"nadales-de-la-zer","status":"publish","type":"post","link":"https:\/\/agora.xtec.cat\/zer-les-salines\/portada\/nadales-de-la-zer\/","title":{"rendered":"Nadales de la ZER"},"content":{"rendered":"<p>&nbsp;<\/p>\n<p>Benvolgudes fam\u00edlies,<\/p>\n<p>Hem arribat al final del primer trimestre i amb l\u2019esfor\u00e7 de tots i totes hem pogut compartir aquests mesos plegats a l\u2019escola. Davant les incerteses ens anem reinventant dia a dia per fer-ho possible. Aquest any no hem gaudit junts de la cantada de nadales per\u00f2 no hem deixat de cantar i amb tota la il\u00b7lusi\u00f3 us hem preparat aquests v\u00eddeos.<\/p>\n<p>Ens ho hem passat molt b\u00e9 fent-los, esperem que us agradin!<\/p>\n<p>L&#8217;alumnat i l&#8217;equip docent de la ZER Les Salines us desitgem molta salut i unes bones festes!<\/p>\n<p style=\"text-align: center;\"><a href=\"https:\/\/drive.google.com\/file\/d\/1rgCsc-hVRjuPaO7yyFWVlvrD-GLV7GG4\/view?usp=sharing\" target=\"_blank\" rel=\"noopener noreferrer\">Ed Infantil &#8211; UNA ESTRELLA<\/a><\/p>\n<p style=\"text-align: center;\"><a href=\"https:\/\/drive.google.com\/file\/d\/1Ti9CxUpSc3bDcnJMS-eCUHL7zsyfLmF-\/view?usp=sharing\" target=\"_blank\" rel=\"noopener noreferrer\">Cicle inicial &#8211; NADAL EN BANYADOR<\/a><\/p>\n<p style=\"text-align: center;\"><a href=\"https:\/\/drive.google.com\/file\/d\/1kdWhpSU6i5I4OxFlXLEDqdKffOJwUCYM\/view?usp=sharing\" target=\"_blank\" rel=\"noopener noreferrer\">Cicle mitj\u00e0 &#8211; NADAL DE COLORS<\/a><\/p>\n<p style=\"text-align: center;\"><a href=\"https:\/\/drive.google.com\/file\/d\/1d_7kbXavutubQBFigC1jjsnCq1olA9Ho\/view?usp=sharing\" target=\"_blank\" rel=\"noopener noreferrer\">Cicle superior &#8211; EL DINAR DE NADAL<\/a><\/p>\n<p style=\"text-align: center;\"><a href=\"https:\/\/drive.google.com\/file\/d\/1EQrLCRIyMThQh7OdRWpqc7TD-9XoDvq3\/view?usp=sharing\" target=\"_blank\" rel=\"noopener noreferrer\">Mestres &#8211; EL CAGANER<\/a><\/p>\n<p><sup><em>*Per poder veure les Nadales heu d\u2019accedir amb l\u2019usuari i la contrasenya que teniu de @zerlessalines, aix\u00ed podem garantir la protecci\u00f3 dels drets d&#8217;imatge de totes les nenes i els nens de la ZER.\u00a0 Aquest v\u00eddeos no es poden distribuir per les xarxes socials ni cap altre espai que no sigui la web de la ZER. Moltes gr\u00e0cies pel respecte i la comprensi\u00f3.<\/em><\/sup><\/p>\n","protected":false},"excerpt":{"rendered":"<p>&nbsp;<br \/>\nBenvolgudes fam\u00edlies,<br \/>\nHem arribat al final del primer trimestre i amb l\u2019esfor\u00e7 de tots i totes hem pogut compartir aquests mesos plegats a l\u2019escola. Davant les incerteses ens anem reinventant dia a dia per fer-ho possible. Aquest any no hem gaudit junts de la cantada de&hellip;  <a href=\"https:\/\/agora.xtec.cat\/zer-les-salines\/portada\/nadales-de-la-zer\/\" title=\"Read Nadales de la ZER\">Llegeix m\u00e9s\u00bb<\/a><\/p>\n","protected":false},"author":66,"featured_media":1697,"comment_status":"open","ping_status":"closed","sticky":false,"template":"","format":"standard","meta":{"_bbp_topic_count":0,"_bbp_reply_count":0,"_bbp_total_topic_count":0,"_bbp_total_reply_count":0,"_bbp_voice_count":0,"_bbp_anonymous_reply_count":0,"_bbp_topic_count_hidden":0,"_bbp_reply_count_hidden":0,"_bbp_forum_subforum_count":0,"footnotes":""},"categories":[114,116,117,121,123,29],"tags":[271,247,212],"class_list":["post-1681","post","type-post","status-publish","format-standard","has-post-thumbnail","hentry","category-blog-escola-lessalines","category-blog-escola-manueldepedrolo","category-blog-escola-santacecilia","category-ea","category-especialitats","category-portada","tag-muntage-video","tag-musica","tag-nadal"],"post_mailing_queue_ids":[],"_links":{"self":[{"href":"https:\/\/agora.xtec.cat\/zer-les-salines\/wp-json\/wp\/v2\/posts\/1681","targetHints":{"allow":["GET"]}}],"collection":[{"href":"https:\/\/agora.xtec.cat\/zer-les-salines\/wp-json\/wp\/v2\/posts"}],"about":[{"href":"https:\/\/agora.xtec.cat\/zer-les-salines\/wp-json\/wp\/v2\/types\/post"}],"author":[{"embeddable":true,"href":"https:\/\/agora.xtec.cat\/zer-les-salines\/wp-json\/wp\/v2\/users\/66"}],"replies":[{"embeddable":true,"href":"https:\/\/agora.xtec.cat\/zer-les-salines\/wp-json\/wp\/v2\/comments?post=1681"}],"version-history":[{"count":3,"href":"https:\/\/agora.xtec.cat\/zer-les-salines\/wp-json\/wp\/v2\/posts\/1681\/revisions"}],"predecessor-version":[{"id":1686,"href":"https:\/\/agora.xtec.cat\/zer-les-salines\/wp-json\/wp\/v2\/posts\/1681\/revisions\/1686"}],"wp:featuredmedia":[{"embeddable":true,"href":"https:\/\/agora.xtec.cat\/zer-les-salines\/wp-json\/wp\/v2\/media\/1697"}],"wp:attachment":[{"href":"https:\/\/agora.xtec.cat\/zer-les-salines\/wp-json\/wp\/v2\/media?parent=1681"}],"wp:term":[{"taxonomy":"category","embeddable":true,"href":"https:\/\/agora.xtec.cat\/zer-les-salines\/wp-json\/wp\/v2\/categories?post=1681"},{"taxonomy":"post_tag","embeddable":true,"href":"https:\/\/agora.xtec.cat\/zer-les-salines\/wp-json\/wp\/v2\/tags?post=1681"}],"curies":[{"name":"wp","href":"https:\/\/api.w.org\/{rel}","templated":true}]}}