{"id":1675,"date":"2020-12-16T12:54:42","date_gmt":"2020-12-16T11:54:42","guid":{"rendered":"http:\/\/agora.xtec.cat\/zer-les-salines\/?p=1675"},"modified":"2020-12-16T12:54:42","modified_gmt":"2020-12-16T11:54:42","slug":"inici-2n-trimestre","status":"publish","type":"post","link":"https:\/\/agora.xtec.cat\/zer-les-salines\/portada\/inici-2n-trimestre\/","title":{"rendered":"Inici 2n trimestre"},"content":{"rendered":"<p>Benvolguts i benvolgudes,<\/p>\n<p>El Departament d&#8217;Educaci\u00f3 ha comunicat avui mateix que el dia d&#8217;<strong>inici del segon trimestre<\/strong> ser\u00e0 el dia <strong>11 de gener de 2021<\/strong>. \u00c9s una mesura preventiva arran de la COVID-19.<\/p>\n<p>Les classes del primer trimestre s&#8217;acabaran el dia 21 de desembre de 2020 a les 13h tal i com estava previst a principi de curs.<\/p>\n<p>Us deixem la not\u00edcia en aquest <a href=\"https:\/\/www.ccma.cat\/324\/educacio-retarda-a-l11-de-gener-el-retorn-a-lescola\/noticia\/3066477\/\">enlla\u00e7<\/a><\/p>\n","protected":false},"excerpt":{"rendered":"<p>Benvolguts i benvolgudes,<br \/>\nEl Departament d&#8217;Educaci\u00f3 ha comunicat avui mateix que el dia d&#8217;inici del segon trimestre ser\u00e0 el dia 11 de gener de 2021. \u00c9s una mesura preventiva arran de la COVID-19.<br \/>\nLes classes del primer trimestre s&#8217;acabaran el dia 21 de desembre de 2020 a&hellip;  <a href=\"https:\/\/agora.xtec.cat\/zer-les-salines\/portada\/inici-2n-trimestre\/\" title=\"Read Inici 2n trimestre\">Llegeix m\u00e9s\u00bb<\/a><\/p>\n","protected":false},"author":1,"featured_media":0,"comment_status":"open","ping_status":"closed","sticky":false,"template":"","format":"standard","meta":{"_bbp_topic_count":0,"_bbp_reply_count":0,"_bbp_total_topic_count":0,"_bbp_total_reply_count":0,"_bbp_voice_count":0,"_bbp_anonymous_reply_count":0,"_bbp_topic_count_hidden":0,"_bbp_reply_count_hidden":0,"_bbp_forum_subforum_count":0,"footnotes":""},"categories":[227,29],"tags":[319],"class_list":["post-1675","post","type-post","status-publish","format-standard","hentry","category-families","category-portada","tag-covid-19"],"post_mailing_queue_ids":[],"_links":{"self":[{"href":"https:\/\/agora.xtec.cat\/zer-les-salines\/wp-json\/wp\/v2\/posts\/1675","targetHints":{"allow":["GET"]}}],"collection":[{"href":"https:\/\/agora.xtec.cat\/zer-les-salines\/wp-json\/wp\/v2\/posts"}],"about":[{"href":"https:\/\/agora.xtec.cat\/zer-les-salines\/wp-json\/wp\/v2\/types\/post"}],"author":[{"embeddable":true,"href":"https:\/\/agora.xtec.cat\/zer-les-salines\/wp-json\/wp\/v2\/users\/1"}],"replies":[{"embeddable":true,"href":"https:\/\/agora.xtec.cat\/zer-les-salines\/wp-json\/wp\/v2\/comments?post=1675"}],"version-history":[{"count":1,"href":"https:\/\/agora.xtec.cat\/zer-les-salines\/wp-json\/wp\/v2\/posts\/1675\/revisions"}],"predecessor-version":[{"id":1676,"href":"https:\/\/agora.xtec.cat\/zer-les-salines\/wp-json\/wp\/v2\/posts\/1675\/revisions\/1676"}],"wp:attachment":[{"href":"https:\/\/agora.xtec.cat\/zer-les-salines\/wp-json\/wp\/v2\/media?parent=1675"}],"wp:term":[{"taxonomy":"category","embeddable":true,"href":"https:\/\/agora.xtec.cat\/zer-les-salines\/wp-json\/wp\/v2\/categories?post=1675"},{"taxonomy":"post_tag","embeddable":true,"href":"https:\/\/agora.xtec.cat\/zer-les-salines\/wp-json\/wp\/v2\/tags?post=1675"}],"curies":[{"name":"wp","href":"https:\/\/api.w.org\/{rel}","templated":true}]}}