{"id":1670,"date":"2020-11-25T11:46:50","date_gmt":"2020-11-25T10:46:50","guid":{"rendered":"http:\/\/agora.xtec.cat\/zer-les-salines\/?p=1670"},"modified":"2020-11-25T12:23:10","modified_gmt":"2020-11-25T11:23:10","slug":"castanyada-2020-a-agullana","status":"publish","type":"post","link":"https:\/\/agora.xtec.cat\/zer-les-salines\/portada\/castanyada-2020-a-agullana\/","title":{"rendered":"Castanyada 2020 a Agullana"},"content":{"rendered":"<p>El passat divendres 30 d\u2019octubre vam celebrar la Castanyada a l\u2019escola. Aquest cop vam haver d\u2019adaptar les activitats al protocol de salut vigent, per\u00f2 tot i aix\u00ed ens ho vam passar molt b\u00e9.<\/p>\n<p>Al mat\u00ed els diferents grups bombolla vam fer una passejada de tardor pels voltants del poble. A la tarda vam menjar les castanyes que l\u2019AFA ens havia torrat (tothom les va trobar molt bones!) i tot seguit cada grup va fer una composici\u00f3 amb diferents elements de la natura que hav\u00edem anat recollint a la sortida del mat\u00ed.<\/p>\n<p>Voleu veure algunes<a href=\"https:\/\/drive.google.com\/drive\/folders\/1aWY39YohZa-ssR6J00N2MLs5gPL_n_a4?usp=sharing\"> fotos<\/a>? (<strong>atenci\u00f3! quan feu clic a l&#8217;enlla\u00e7&#8221;fotos&#8221;us demanar\u00e0 l&#8217;usuari i la contrasenya de @zerlessalines.cat que tots teniu<\/strong>).<\/p>\n","protected":false},"excerpt":{"rendered":"<p>El passat divendres 30 d\u2019octubre vam celebrar la Castanyada a l\u2019escola. Aquest cop vam haver d\u2019adaptar les activitats al protocol de salut vigent, per\u00f2 tot i aix\u00ed ens ho vam passar molt b\u00e9.<br \/>\nAl mat\u00ed els diferents grups bombolla vam fer una passejada de tardor pels&hellip;  <a href=\"https:\/\/agora.xtec.cat\/zer-les-salines\/portada\/castanyada-2020-a-agullana\/\" title=\"Read Castanyada 2020 a Agullana\">Llegeix m\u00e9s\u00bb<\/a><\/p>\n","protected":false},"author":1,"featured_media":0,"comment_status":"open","ping_status":"closed","sticky":false,"template":"","format":"standard","meta":{"_bbp_topic_count":0,"_bbp_reply_count":0,"_bbp_total_topic_count":0,"_bbp_total_reply_count":0,"_bbp_voice_count":0,"_bbp_anonymous_reply_count":0,"_bbp_topic_count_hidden":0,"_bbp_reply_count_hidden":0,"_bbp_forum_subforum_count":0,"footnotes":""},"categories":[29],"tags":[],"class_list":["post-1670","post","type-post","status-publish","format-standard","hentry","category-portada"],"post_mailing_queue_ids":[],"_links":{"self":[{"href":"https:\/\/agora.xtec.cat\/zer-les-salines\/wp-json\/wp\/v2\/posts\/1670","targetHints":{"allow":["GET"]}}],"collection":[{"href":"https:\/\/agora.xtec.cat\/zer-les-salines\/wp-json\/wp\/v2\/posts"}],"about":[{"href":"https:\/\/agora.xtec.cat\/zer-les-salines\/wp-json\/wp\/v2\/types\/post"}],"author":[{"embeddable":true,"href":"https:\/\/agora.xtec.cat\/zer-les-salines\/wp-json\/wp\/v2\/users\/1"}],"replies":[{"embeddable":true,"href":"https:\/\/agora.xtec.cat\/zer-les-salines\/wp-json\/wp\/v2\/comments?post=1670"}],"version-history":[{"count":2,"href":"https:\/\/agora.xtec.cat\/zer-les-salines\/wp-json\/wp\/v2\/posts\/1670\/revisions"}],"predecessor-version":[{"id":1672,"href":"https:\/\/agora.xtec.cat\/zer-les-salines\/wp-json\/wp\/v2\/posts\/1670\/revisions\/1672"}],"wp:attachment":[{"href":"https:\/\/agora.xtec.cat\/zer-les-salines\/wp-json\/wp\/v2\/media?parent=1670"}],"wp:term":[{"taxonomy":"category","embeddable":true,"href":"https:\/\/agora.xtec.cat\/zer-les-salines\/wp-json\/wp\/v2\/categories?post=1670"},{"taxonomy":"post_tag","embeddable":true,"href":"https:\/\/agora.xtec.cat\/zer-les-salines\/wp-json\/wp\/v2\/tags?post=1670"}],"curies":[{"name":"wp","href":"https:\/\/api.w.org\/{rel}","templated":true}]}}