{"id":1657,"date":"2020-10-28T15:38:19","date_gmt":"2020-10-28T14:38:19","guid":{"rendered":"http:\/\/agora.xtec.cat\/zer-les-salines\/?p=1657"},"modified":"2020-10-28T15:39:41","modified_gmt":"2020-10-28T14:39:41","slug":"guia-sobre-les-quarentenes-escolars","status":"publish","type":"post","link":"https:\/\/agora.xtec.cat\/zer-les-salines\/portada\/guia-sobre-les-quarentenes-escolars\/","title":{"rendered":"Guia sobre les quarentenes escolars"},"content":{"rendered":"<p>Com funcionen les quarentenes per COVID-19?<\/p>\n<p>Us deixem aquesta infografia que ha creat el Departament de Salut sobre com funcionen les quarentenes.<\/p>\n<p><strong><a href=\"https:\/\/canalsalut.gencat.cat\/web\/shared\/continguts_per_compartir\/ENS\/salut-escola\/imatge-grafica\/guia-quarentenes-escolars.pdf\">Infografia canal salut<\/a><\/strong><\/p>\n<p>Si teniu telegram us podeu subscriure al canal Salut\/Escola i all\u00e0 rebreu informacions actualitzades. Tamb\u00e9 us podeu subscriure al canal ZER Les Salines per rebre el que anem penjant a la p\u00e0gina web.<\/p>\n","protected":false},"excerpt":{"rendered":"<p>Com funcionen les quarentenes per COVID-19?<br \/>\nUs deixem aquesta infografia que ha creat el Departament de Salut sobre com funcionen les quarentenes.<br \/>\n<a href=\"https:\/\/canalsalut.gencat.cat\/web\/shared\/continguts_per_compartir\/ENS\/salut-escola\/imatge-grafica\/guia-quarentenes-escolars.pdf\">Infografia canal salut<\/a><br \/>\nSi teniu telegram us podeu subscriure al canal Salut\/Escola i all\u00e0 rebreu informacions actualitzades. Tamb\u00e9 us podeu subscriure al canal ZER Les&hellip;  <a href=\"https:\/\/agora.xtec.cat\/zer-les-salines\/portada\/guia-sobre-les-quarentenes-escolars\/\" title=\"Read Guia sobre les quarentenes escolars\">Llegeix m\u00e9s\u00bb<\/a><\/p>\n","protected":false},"author":1,"featured_media":0,"comment_status":"open","ping_status":"closed","sticky":false,"template":"","format":"standard","meta":{"_bbp_topic_count":0,"_bbp_reply_count":0,"_bbp_total_topic_count":0,"_bbp_total_reply_count":0,"_bbp_voice_count":0,"_bbp_anonymous_reply_count":0,"_bbp_topic_count_hidden":0,"_bbp_reply_count_hidden":0,"_bbp_forum_subforum_count":0,"footnotes":""},"categories":[227,29],"tags":[323,319,301,324],"class_list":["post-1657","post","type-post","status-publish","format-standard","hentry","category-families","category-portada","tag-canal-salut","tag-covid-19","tag-infografia","tag-quarentenes"],"post_mailing_queue_ids":[],"_links":{"self":[{"href":"https:\/\/agora.xtec.cat\/zer-les-salines\/wp-json\/wp\/v2\/posts\/1657","targetHints":{"allow":["GET"]}}],"collection":[{"href":"https:\/\/agora.xtec.cat\/zer-les-salines\/wp-json\/wp\/v2\/posts"}],"about":[{"href":"https:\/\/agora.xtec.cat\/zer-les-salines\/wp-json\/wp\/v2\/types\/post"}],"author":[{"embeddable":true,"href":"https:\/\/agora.xtec.cat\/zer-les-salines\/wp-json\/wp\/v2\/users\/1"}],"replies":[{"embeddable":true,"href":"https:\/\/agora.xtec.cat\/zer-les-salines\/wp-json\/wp\/v2\/comments?post=1657"}],"version-history":[{"count":2,"href":"https:\/\/agora.xtec.cat\/zer-les-salines\/wp-json\/wp\/v2\/posts\/1657\/revisions"}],"predecessor-version":[{"id":1659,"href":"https:\/\/agora.xtec.cat\/zer-les-salines\/wp-json\/wp\/v2\/posts\/1657\/revisions\/1659"}],"wp:attachment":[{"href":"https:\/\/agora.xtec.cat\/zer-les-salines\/wp-json\/wp\/v2\/media?parent=1657"}],"wp:term":[{"taxonomy":"category","embeddable":true,"href":"https:\/\/agora.xtec.cat\/zer-les-salines\/wp-json\/wp\/v2\/categories?post=1657"},{"taxonomy":"post_tag","embeddable":true,"href":"https:\/\/agora.xtec.cat\/zer-les-salines\/wp-json\/wp\/v2\/tags?post=1657"}],"curies":[{"name":"wp","href":"https:\/\/api.w.org\/{rel}","templated":true}]}}