{"id":1648,"date":"2020-09-12T20:44:45","date_gmt":"2020-09-12T18:44:45","guid":{"rendered":"http:\/\/agora.xtec.cat\/zer-les-salines\/?p=1648"},"modified":"2021-05-12T09:22:01","modified_gmt":"2021-05-12T07:22:01","slug":"pla-dorgantizacio-basic-zer-les-salines","status":"publish","type":"post","link":"https:\/\/agora.xtec.cat\/zer-les-salines\/portada\/pla-dorgantizacio-basic-zer-les-salines\/","title":{"rendered":"Pla d&#8217;organtizaci\u00f3 b\u00e0sic &#8211; ZER Les Salines"},"content":{"rendered":"<p>Benvolgudes fam\u00edlies,<\/p>\n<p>Us compartim el document <a href=\"https:\/\/drive.google.com\/file\/d\/1wFZJy6_BYMjE-kxDWcIHy2g3D76qLVDO\/view?usp=sharing\"><em>&#8220;Pla d&#8217;organitzaci\u00f3 b\u00e0sic&#8221;<\/em><\/a> per aquest curs 20-21. En aquest document hi podreu trobar com ens organitzarem i quines mesures de prevenci\u00f3 haurem de seguir tota la comunitat educativa. Cal dir que aquest document \u00e9s un document viu i que podr\u00e0 tenir canvis i\/o millores en funci\u00f3 de les instruccions que anirem reben o de l&#8217;estat de la pand\u00e8mia.<\/p>\n<p>Si teniu alguna pregunta no dubteu en contactar amb la vostra escola o amb l&#8217;equip directiu de ZER mitjan\u00e7ant el correu electr\u00f2nic o el tel\u00e8fon de l&#8217;escola.<\/p>\n","protected":false},"excerpt":{"rendered":"<p>Benvolgudes fam\u00edlies,<br \/>\nUs compartim el document <a href=\"https:\/\/drive.google.com\/file\/d\/1wFZJy6_BYMjE-kxDWcIHy2g3D76qLVDO\/view?usp=sharing\">&#8220;Pla d&#8217;organitzaci\u00f3 b\u00e0sic&#8221;<\/a> per aquest curs 20-21. En aquest document hi podreu trobar com ens organitzarem i quines mesures de prevenci\u00f3 haurem de seguir tota la comunitat educativa. Cal dir que aquest document \u00e9s un document viu i que&hellip;  <a href=\"https:\/\/agora.xtec.cat\/zer-les-salines\/portada\/pla-dorgantizacio-basic-zer-les-salines\/\" title=\"Read Pla d&#8217;organtizaci\u00f3 b\u00e0sic &#8211; ZER Les Salines\">Llegeix m\u00e9s\u00bb<\/a><\/p>\n","protected":false},"author":1,"featured_media":0,"comment_status":"open","ping_status":"closed","sticky":false,"template":"","format":"standard","meta":{"_bbp_topic_count":0,"_bbp_reply_count":0,"_bbp_total_topic_count":0,"_bbp_total_reply_count":0,"_bbp_voice_count":0,"_bbp_anonymous_reply_count":0,"_bbp_topic_count_hidden":0,"_bbp_reply_count_hidden":0,"_bbp_forum_subforum_count":0,"footnotes":""},"categories":[227,29],"tags":[319,318],"class_list":["post-1648","post","type-post","status-publish","format-standard","hentry","category-families","category-portada","tag-covid-19","tag-pla-dorgantizacio"],"post_mailing_queue_ids":[],"_links":{"self":[{"href":"https:\/\/agora.xtec.cat\/zer-les-salines\/wp-json\/wp\/v2\/posts\/1648","targetHints":{"allow":["GET"]}}],"collection":[{"href":"https:\/\/agora.xtec.cat\/zer-les-salines\/wp-json\/wp\/v2\/posts"}],"about":[{"href":"https:\/\/agora.xtec.cat\/zer-les-salines\/wp-json\/wp\/v2\/types\/post"}],"author":[{"embeddable":true,"href":"https:\/\/agora.xtec.cat\/zer-les-salines\/wp-json\/wp\/v2\/users\/1"}],"replies":[{"embeddable":true,"href":"https:\/\/agora.xtec.cat\/zer-les-salines\/wp-json\/wp\/v2\/comments?post=1648"}],"version-history":[{"count":2,"href":"https:\/\/agora.xtec.cat\/zer-les-salines\/wp-json\/wp\/v2\/posts\/1648\/revisions"}],"predecessor-version":[{"id":1739,"href":"https:\/\/agora.xtec.cat\/zer-les-salines\/wp-json\/wp\/v2\/posts\/1648\/revisions\/1739"}],"wp:attachment":[{"href":"https:\/\/agora.xtec.cat\/zer-les-salines\/wp-json\/wp\/v2\/media?parent=1648"}],"wp:term":[{"taxonomy":"category","embeddable":true,"href":"https:\/\/agora.xtec.cat\/zer-les-salines\/wp-json\/wp\/v2\/categories?post=1648"},{"taxonomy":"post_tag","embeddable":true,"href":"https:\/\/agora.xtec.cat\/zer-les-salines\/wp-json\/wp\/v2\/tags?post=1648"}],"curies":[{"name":"wp","href":"https:\/\/api.w.org\/{rel}","templated":true}]}}