{"id":1645,"date":"2020-09-03T13:01:40","date_gmt":"2020-09-03T11:01:40","guid":{"rendered":"http:\/\/agora.xtec.cat\/zer-les-salines\/?p=1645"},"modified":"2020-09-03T13:01:40","modified_gmt":"2020-09-03T11:01:40","slug":"calendari-zer-les-salines-20-21","status":"publish","type":"post","link":"https:\/\/agora.xtec.cat\/zer-les-salines\/portada\/calendari-zer-les-salines-20-21\/","title":{"rendered":"Calendari ZER Les Salines 20-21"},"content":{"rendered":"<p>Benvolgudes fam\u00edlies,<\/p>\n<p>Us compartim el <a href=\"https:\/\/drive.google.com\/file\/d\/1T4nXHLo7jc3DyLq58Rww_cqm0qAPxIZg\/view?usp=sharing\">calendari del curs 20-21<\/a>.<\/p>\n<p>Al calendari hi ha marcades les dates de col\u00f2nies, per\u00f2 en funci\u00f3 de l&#8217;evoluci\u00f3 de la COVID-19 i les mesures que s&#8217;hagin de fer hi podrem anar o no.<\/p>\n","protected":false},"excerpt":{"rendered":"<p>Benvolgudes fam\u00edlies,<br \/>\nUs compartim el <a href=\"https:\/\/drive.google.com\/file\/d\/1T4nXHLo7jc3DyLq58Rww_cqm0qAPxIZg\/view?usp=sharing\">calendari del curs 20-21<\/a>.<br \/>\nAl calendari hi ha marcades les dates de col\u00f2nies, per\u00f2 en funci\u00f3 de l&#8217;evoluci\u00f3 de la COVID-19 i les mesures que s&#8217;hagin de fer hi podrem anar o no.<\/p>\n","protected":false},"author":1,"featured_media":1646,"comment_status":"open","ping_status":"closed","sticky":false,"template":"","format":"standard","meta":{"_bbp_topic_count":0,"_bbp_reply_count":0,"_bbp_total_topic_count":0,"_bbp_total_reply_count":0,"_bbp_voice_count":0,"_bbp_anonymous_reply_count":0,"_bbp_topic_count_hidden":0,"_bbp_reply_count_hidden":0,"_bbp_forum_subforum_count":0,"footnotes":""},"categories":[227,29],"tags":[],"class_list":["post-1645","post","type-post","status-publish","format-standard","has-post-thumbnail","hentry","category-families","category-portada"],"post_mailing_queue_ids":[],"_links":{"self":[{"href":"https:\/\/agora.xtec.cat\/zer-les-salines\/wp-json\/wp\/v2\/posts\/1645","targetHints":{"allow":["GET"]}}],"collection":[{"href":"https:\/\/agora.xtec.cat\/zer-les-salines\/wp-json\/wp\/v2\/posts"}],"about":[{"href":"https:\/\/agora.xtec.cat\/zer-les-salines\/wp-json\/wp\/v2\/types\/post"}],"author":[{"embeddable":true,"href":"https:\/\/agora.xtec.cat\/zer-les-salines\/wp-json\/wp\/v2\/users\/1"}],"replies":[{"embeddable":true,"href":"https:\/\/agora.xtec.cat\/zer-les-salines\/wp-json\/wp\/v2\/comments?post=1645"}],"version-history":[{"count":1,"href":"https:\/\/agora.xtec.cat\/zer-les-salines\/wp-json\/wp\/v2\/posts\/1645\/revisions"}],"predecessor-version":[{"id":1647,"href":"https:\/\/agora.xtec.cat\/zer-les-salines\/wp-json\/wp\/v2\/posts\/1645\/revisions\/1647"}],"wp:featuredmedia":[{"embeddable":true,"href":"https:\/\/agora.xtec.cat\/zer-les-salines\/wp-json\/wp\/v2\/media\/1646"}],"wp:attachment":[{"href":"https:\/\/agora.xtec.cat\/zer-les-salines\/wp-json\/wp\/v2\/media?parent=1645"}],"wp:term":[{"taxonomy":"category","embeddable":true,"href":"https:\/\/agora.xtec.cat\/zer-les-salines\/wp-json\/wp\/v2\/categories?post=1645"},{"taxonomy":"post_tag","embeddable":true,"href":"https:\/\/agora.xtec.cat\/zer-les-salines\/wp-json\/wp\/v2\/tags?post=1645"}],"curies":[{"name":"wp","href":"https:\/\/api.w.org\/{rel}","templated":true}]}}