{"id":1635,"date":"2020-07-17T11:49:26","date_gmt":"2020-07-17T09:49:26","guid":{"rendered":"http:\/\/agora.xtec.cat\/zer-les-salines\/?p=1635"},"modified":"2020-09-03T12:52:56","modified_gmt":"2020-09-03T10:52:56","slug":"calendari-20-21","status":"publish","type":"post","link":"https:\/\/agora.xtec.cat\/zer-les-salines\/portada\/calendari-20-21\/","title":{"rendered":"Calendari 20-21"},"content":{"rendered":"<p><strong>14 de setembre de 2020<\/strong>: inici de les classes al segon cicle de l&#8217;educaci\u00f3 infantil, l&#8217;educaci\u00f3 prim\u00e0ria, l&#8217;educaci\u00f3 secund\u00e0ria obligat\u00f2ria, el batxillerat, els cicles formatius de grau mitj\u00e0\u00a0de formaci\u00f3 professional i d&#8217;arts pl\u00e0stiques i disseny, el curs de formaci\u00f3 espec\u00edfic per a l&#8217;acc\u00e9s a cicles de grau mitj\u00e0, el curs de preparaci\u00f3 per a la incorporaci\u00f3 als cicles formatius de grau superior i en la resta dels ensenyaments de r\u00e8gim especial, llevat de les escoles oficials d&#8217;idiomes.<br \/>\n<strong>Del 22 de desembre de 2020 al\u00a07 de gener de 2021<\/strong>: vacances de Nadal.<\/p>\n<p><strong>Del 27 de mar\u00e7 al 5 d&#8217;abril de 2021<\/strong>: vacances de Setmana Santa.<\/p>\n<p><strong>22 de juny de 2021<\/strong>: acaben les classes a tots els centres,\u00a0llevat de les dels ensenyaments de r\u00e8gim especial i les de la formaci\u00f3 professional, que ho faran d&#8217;acord amb la seva programaci\u00f3 acad\u00e8mica.<\/p>\n<p><a href=\"https:\/\/drive.google.com\/file\/d\/1T4nXHLo7jc3DyLq58Rww_cqm0qAPxIZg\/view?usp=sharing\">Calendari ZER LES SALINES<\/a> (actualitzat a 3\/09\/2020)<\/p>\n<p>&nbsp;<\/p>\n","protected":false},"excerpt":{"rendered":"<p>14 de setembre de 2020: inici de les classes al segon cicle de l&#8217;educaci\u00f3 infantil, l&#8217;educaci\u00f3 prim\u00e0ria, l&#8217;educaci\u00f3 secund\u00e0ria obligat\u00f2ria, el batxillerat, els cicles formatius de grau mitj\u00e0\u00a0de formaci\u00f3 professional i d&#8217;arts pl\u00e0stiques i disseny, el curs de formaci\u00f3 espec\u00edfic per a l&#8217;acc\u00e9s a cicles&hellip;  <a href=\"https:\/\/agora.xtec.cat\/zer-les-salines\/portada\/calendari-20-21\/\" title=\"Read Calendari 20-21\">Llegeix m\u00e9s\u00bb<\/a><\/p>\n","protected":false},"author":1,"featured_media":0,"comment_status":"open","ping_status":"closed","sticky":false,"template":"","format":"standard","meta":{"_bbp_topic_count":0,"_bbp_reply_count":0,"_bbp_total_topic_count":0,"_bbp_total_reply_count":0,"_bbp_voice_count":0,"_bbp_anonymous_reply_count":0,"_bbp_topic_count_hidden":0,"_bbp_reply_count_hidden":0,"_bbp_forum_subforum_count":0,"footnotes":""},"categories":[227,29],"tags":[316],"class_list":["post-1635","post","type-post","status-publish","format-standard","hentry","category-families","category-portada","tag-calendari"],"post_mailing_queue_ids":[],"_links":{"self":[{"href":"https:\/\/agora.xtec.cat\/zer-les-salines\/wp-json\/wp\/v2\/posts\/1635","targetHints":{"allow":["GET"]}}],"collection":[{"href":"https:\/\/agora.xtec.cat\/zer-les-salines\/wp-json\/wp\/v2\/posts"}],"about":[{"href":"https:\/\/agora.xtec.cat\/zer-les-salines\/wp-json\/wp\/v2\/types\/post"}],"author":[{"embeddable":true,"href":"https:\/\/agora.xtec.cat\/zer-les-salines\/wp-json\/wp\/v2\/users\/1"}],"replies":[{"embeddable":true,"href":"https:\/\/agora.xtec.cat\/zer-les-salines\/wp-json\/wp\/v2\/comments?post=1635"}],"version-history":[{"count":2,"href":"https:\/\/agora.xtec.cat\/zer-les-salines\/wp-json\/wp\/v2\/posts\/1635\/revisions"}],"predecessor-version":[{"id":1644,"href":"https:\/\/agora.xtec.cat\/zer-les-salines\/wp-json\/wp\/v2\/posts\/1635\/revisions\/1644"}],"wp:attachment":[{"href":"https:\/\/agora.xtec.cat\/zer-les-salines\/wp-json\/wp\/v2\/media?parent=1635"}],"wp:term":[{"taxonomy":"category","embeddable":true,"href":"https:\/\/agora.xtec.cat\/zer-les-salines\/wp-json\/wp\/v2\/categories?post=1635"},{"taxonomy":"post_tag","embeddable":true,"href":"https:\/\/agora.xtec.cat\/zer-les-salines\/wp-json\/wp\/v2\/tags?post=1635"}],"curies":[{"name":"wp","href":"https:\/\/api.w.org\/{rel}","templated":true}]}}