{"id":1631,"date":"2020-06-22T15:33:00","date_gmt":"2020-06-22T13:33:00","guid":{"rendered":"http:\/\/agora.xtec.cat\/zer-les-salines\/?p=1631"},"modified":"2020-06-22T15:33:00","modified_gmt":"2020-06-22T13:33:00","slug":"gimcana-de-les-llengues-6","status":"publish","type":"post","link":"https:\/\/agora.xtec.cat\/zer-les-salines\/portada\/gimcana-de-les-llengues-6\/","title":{"rendered":"Gimcana de les lleng\u00fces"},"content":{"rendered":"<p>Nens i nenes de la ZER Les Salines!<\/p>\n<p>El mes de maig vam fer les \u00faltimes preguntes de la gimcana de les lleng\u00fces. A la p\u00e0gina web de la gimcana podeu visualitzar la vostra puntuaci\u00f3.<\/p>\n<p>Moltes gr\u00e0cies a tots i a totes per haver participat un curs m\u00e9s i esperem que hagueu apr\u00e9s noves dites, endevinalles o paraules que desconeixieu!<\/p>\n<p>Ens posarem en contacte amb les fam\u00edlies de l&#8217;alumnat que ha participat durant els 8 mesos i ha aconseguit respondre correctament i sense faltes d&#8217;ortografia tots els enigmes que s&#8217;han anat plantejant.<\/p>\n","protected":false},"excerpt":{"rendered":"<p>Nens i nenes de la ZER Les Salines!<br \/>\nEl mes de maig vam fer les \u00faltimes preguntes de la gimcana de les lleng\u00fces. A la p\u00e0gina web de la gimcana podeu visualitzar la vostra puntuaci\u00f3.<br \/>\nMoltes gr\u00e0cies a tots i a totes per haver participat un curs&hellip;  <a href=\"https:\/\/agora.xtec.cat\/zer-les-salines\/portada\/gimcana-de-les-llengues-6\/\" title=\"Read Gimcana de les lleng\u00fces\">Llegeix m\u00e9s\u00bb<\/a><\/p>\n","protected":false},"author":1,"featured_media":1632,"comment_status":"open","ping_status":"closed","sticky":false,"template":"","format":"standard","meta":{"_bbp_topic_count":0,"_bbp_reply_count":0,"_bbp_total_topic_count":0,"_bbp_total_reply_count":0,"_bbp_voice_count":0,"_bbp_anonymous_reply_count":0,"_bbp_topic_count_hidden":0,"_bbp_reply_count_hidden":0,"_bbp_forum_subforum_count":0,"footnotes":""},"categories":[125,29],"tags":[195],"class_list":["post-1631","post","type-post","status-publish","format-standard","has-post-thumbnail","hentry","category-activitatszer","category-portada","tag-gimcana-de-les-llengues"],"post_mailing_queue_ids":[],"_links":{"self":[{"href":"https:\/\/agora.xtec.cat\/zer-les-salines\/wp-json\/wp\/v2\/posts\/1631","targetHints":{"allow":["GET"]}}],"collection":[{"href":"https:\/\/agora.xtec.cat\/zer-les-salines\/wp-json\/wp\/v2\/posts"}],"about":[{"href":"https:\/\/agora.xtec.cat\/zer-les-salines\/wp-json\/wp\/v2\/types\/post"}],"author":[{"embeddable":true,"href":"https:\/\/agora.xtec.cat\/zer-les-salines\/wp-json\/wp\/v2\/users\/1"}],"replies":[{"embeddable":true,"href":"https:\/\/agora.xtec.cat\/zer-les-salines\/wp-json\/wp\/v2\/comments?post=1631"}],"version-history":[{"count":1,"href":"https:\/\/agora.xtec.cat\/zer-les-salines\/wp-json\/wp\/v2\/posts\/1631\/revisions"}],"predecessor-version":[{"id":1633,"href":"https:\/\/agora.xtec.cat\/zer-les-salines\/wp-json\/wp\/v2\/posts\/1631\/revisions\/1633"}],"wp:featuredmedia":[{"embeddable":true,"href":"https:\/\/agora.xtec.cat\/zer-les-salines\/wp-json\/wp\/v2\/media\/1632"}],"wp:attachment":[{"href":"https:\/\/agora.xtec.cat\/zer-les-salines\/wp-json\/wp\/v2\/media?parent=1631"}],"wp:term":[{"taxonomy":"category","embeddable":true,"href":"https:\/\/agora.xtec.cat\/zer-les-salines\/wp-json\/wp\/v2\/categories?post=1631"},{"taxonomy":"post_tag","embeddable":true,"href":"https:\/\/agora.xtec.cat\/zer-les-salines\/wp-json\/wp\/v2\/tags?post=1631"}],"curies":[{"name":"wp","href":"https:\/\/api.w.org\/{rel}","templated":true}]}}