{"id":1628,"date":"2020-06-18T12:03:41","date_gmt":"2020-06-18T10:03:41","guid":{"rendered":"http:\/\/agora.xtec.cat\/zer-les-salines\/?p=1628"},"modified":"2020-06-18T12:03:41","modified_gmt":"2020-06-18T10:03:41","slug":"activitat-fisica-a-lestiu","status":"publish","type":"post","link":"https:\/\/agora.xtec.cat\/zer-les-salines\/portada\/activitat-fisica-a-lestiu\/","title":{"rendered":"Activitat f\u00edsica a l&#8217;estiu!"},"content":{"rendered":"<p>Aquestes vacances d&#8217;estiu no deixeu de fer activitat f\u00edsica i mantenir uns h\u00e0bits saludables!<\/p>\n<p>Us deixo algunes propostes que podeu fer durant aquest estiu. Tan si feu aquestes com si en feu d&#8217;altres, us les apunteu i en parlarem al setembre!<\/p>\n<p><a href=\"https:\/\/www.canva.com\/design\/DAD_UpB9U_o\/bTJhd13XEGgNCYiYwuXWRg\/view?utm_content=DAD_UpB9U_o&amp;utm_campaign=designshare&amp;utm_medium=link&amp;utm_source=sharebutton\">Propostes d&#8217;activitat f\u00edsica a l&#8217;estiu<\/a><\/p>\n<p>Bon estiu a tots i a totes!!<\/p>\n","protected":false},"excerpt":{"rendered":"<p>Aquestes vacances d&#8217;estiu no deixeu de fer activitat f\u00edsica i mantenir uns h\u00e0bits saludables!<br \/>\nUs deixo algunes propostes que podeu fer durant aquest estiu. Tan si feu aquestes com si en feu d&#8217;altres, us les apunteu i en parlarem al setembre!<br \/>\n<a href=\"https:\/\/www.canva.com\/design\/DAD_UpB9U_o\/bTJhd13XEGgNCYiYwuXWRg\/view?utm_content=DAD_UpB9U_o&amp;utm_campaign=designshare&amp;utm_medium=link&amp;utm_source=sharebutton\">Propostes d&#8217;activitat f\u00edsica a l&#8217;estiu<\/a><br \/>\nBon&hellip;  <a href=\"https:\/\/agora.xtec.cat\/zer-les-salines\/portada\/activitat-fisica-a-lestiu\/\" title=\"Read Activitat f\u00edsica a l&#8217;estiu!\">Llegeix m\u00e9s\u00bb<\/a><\/p>\n","protected":false},"author":3,"featured_media":1629,"comment_status":"open","ping_status":"closed","sticky":false,"template":"","format":"standard","meta":{"_bbp_topic_count":0,"_bbp_reply_count":0,"_bbp_total_topic_count":0,"_bbp_total_reply_count":0,"_bbp_voice_count":0,"_bbp_anonymous_reply_count":0,"_bbp_topic_count_hidden":0,"_bbp_reply_count_hidden":0,"_bbp_forum_subforum_count":0,"footnotes":""},"categories":[120,123,29],"tags":[257,224,308],"class_list":["post-1628","post","type-post","status-publish","format-standard","has-post-thumbnail","hentry","category-ef","category-especialitats","category-portada","tag-activitat-fisica","tag-educacio-fisica","tag-habits-saludables"],"post_mailing_queue_ids":[],"_links":{"self":[{"href":"https:\/\/agora.xtec.cat\/zer-les-salines\/wp-json\/wp\/v2\/posts\/1628","targetHints":{"allow":["GET"]}}],"collection":[{"href":"https:\/\/agora.xtec.cat\/zer-les-salines\/wp-json\/wp\/v2\/posts"}],"about":[{"href":"https:\/\/agora.xtec.cat\/zer-les-salines\/wp-json\/wp\/v2\/types\/post"}],"author":[{"embeddable":true,"href":"https:\/\/agora.xtec.cat\/zer-les-salines\/wp-json\/wp\/v2\/users\/3"}],"replies":[{"embeddable":true,"href":"https:\/\/agora.xtec.cat\/zer-les-salines\/wp-json\/wp\/v2\/comments?post=1628"}],"version-history":[{"count":1,"href":"https:\/\/agora.xtec.cat\/zer-les-salines\/wp-json\/wp\/v2\/posts\/1628\/revisions"}],"predecessor-version":[{"id":1630,"href":"https:\/\/agora.xtec.cat\/zer-les-salines\/wp-json\/wp\/v2\/posts\/1628\/revisions\/1630"}],"wp:featuredmedia":[{"embeddable":true,"href":"https:\/\/agora.xtec.cat\/zer-les-salines\/wp-json\/wp\/v2\/media\/1629"}],"wp:attachment":[{"href":"https:\/\/agora.xtec.cat\/zer-les-salines\/wp-json\/wp\/v2\/media?parent=1628"}],"wp:term":[{"taxonomy":"category","embeddable":true,"href":"https:\/\/agora.xtec.cat\/zer-les-salines\/wp-json\/wp\/v2\/categories?post=1628"},{"taxonomy":"post_tag","embeddable":true,"href":"https:\/\/agora.xtec.cat\/zer-les-salines\/wp-json\/wp\/v2\/tags?post=1628"}],"curies":[{"name":"wp","href":"https:\/\/api.w.org\/{rel}","templated":true}]}}