{"id":1611,"date":"2020-06-05T12:10:05","date_gmt":"2020-06-05T10:10:05","guid":{"rendered":"http:\/\/agora.xtec.cat\/zer-les-salines\/?p=1611"},"modified":"2020-06-05T12:10:05","modified_gmt":"2020-06-05T10:10:05","slug":"la-paraula-secreta","status":"publish","type":"post","link":"https:\/\/agora.xtec.cat\/zer-les-salines\/portada\/la-paraula-secreta\/","title":{"rendered":"La paraula secreta"},"content":{"rendered":"<p>Benvinguts i benvingudes al gran concurs Salinenc de <strong>La Paraula Secreta<\/strong>!!<\/p>\n<p>Us presentem la \u00faltima proposta del curs, on totes les especialistes (Mireia, Anna, Gemma, Neus i S\u00edlvia) hem pensat una preguntes relacionades amb la m\u00fasica, l&#8217;art, l&#8217;angl\u00e8s, l&#8217;educaci\u00f3 especial i l&#8217;educaci\u00f3 f\u00edsica. Vosaltres haureu d&#8217;escollir la resposta correcte d&#8217;entre dues possibles opcions.<\/p>\n<p>Podreu completar tot el cercle de lletres a la primera?<\/p>\n<div style=\"width: 100%;\">\n<div style=\"position: relative; padding-bottom: 56.25%; padding-top: 0; height: 0;\"><iframe loading=\"lazy\" src=\"https:\/\/view.genial.ly\/5ed7cea5a49f050d73c32d18\" width=\"1200px\" height=\"675px\" frameborder=\"0\"><\/iframe><\/div>\n<\/div>\n<p>&nbsp;<\/p>\n","protected":false},"excerpt":{"rendered":"<p>El gran concurs Salinenc!<br \/>\nLa Paraula Secreta&hellip;  <a href=\"https:\/\/agora.xtec.cat\/zer-les-salines\/portada\/la-paraula-secreta\/\" title=\"Read La paraula secreta\">Llegeix m\u00e9s\u00bb<\/a><\/p>\n","protected":false},"author":3,"featured_media":1613,"comment_status":"open","ping_status":"closed","sticky":false,"template":"","format":"standard","meta":{"_bbp_topic_count":0,"_bbp_reply_count":0,"_bbp_total_topic_count":0,"_bbp_total_reply_count":0,"_bbp_voice_count":0,"_bbp_anonymous_reply_count":0,"_bbp_topic_count_hidden":0,"_bbp_reply_count_hidden":0,"_bbp_forum_subforum_count":0,"footnotes":""},"categories":[121,120,123,122,29],"tags":[42,197,224,314,313,247,312],"class_list":["post-1611","post","type-post","status-publish","format-standard","has-post-thumbnail","hentry","category-ea","category-ef","category-especialitats","category-llean","category-portada","tag-angles","tag-concurs","tag-educacio-fisica","tag-eespecial","tag-especialitats","tag-musica","tag-paraula-secreta"],"post_mailing_queue_ids":[],"_links":{"self":[{"href":"https:\/\/agora.xtec.cat\/zer-les-salines\/wp-json\/wp\/v2\/posts\/1611","targetHints":{"allow":["GET"]}}],"collection":[{"href":"https:\/\/agora.xtec.cat\/zer-les-salines\/wp-json\/wp\/v2\/posts"}],"about":[{"href":"https:\/\/agora.xtec.cat\/zer-les-salines\/wp-json\/wp\/v2\/types\/post"}],"author":[{"embeddable":true,"href":"https:\/\/agora.xtec.cat\/zer-les-salines\/wp-json\/wp\/v2\/users\/3"}],"replies":[{"embeddable":true,"href":"https:\/\/agora.xtec.cat\/zer-les-salines\/wp-json\/wp\/v2\/comments?post=1611"}],"version-history":[{"count":2,"href":"https:\/\/agora.xtec.cat\/zer-les-salines\/wp-json\/wp\/v2\/posts\/1611\/revisions"}],"predecessor-version":[{"id":1614,"href":"https:\/\/agora.xtec.cat\/zer-les-salines\/wp-json\/wp\/v2\/posts\/1611\/revisions\/1614"}],"wp:featuredmedia":[{"embeddable":true,"href":"https:\/\/agora.xtec.cat\/zer-les-salines\/wp-json\/wp\/v2\/media\/1613"}],"wp:attachment":[{"href":"https:\/\/agora.xtec.cat\/zer-les-salines\/wp-json\/wp\/v2\/media?parent=1611"}],"wp:term":[{"taxonomy":"category","embeddable":true,"href":"https:\/\/agora.xtec.cat\/zer-les-salines\/wp-json\/wp\/v2\/categories?post=1611"},{"taxonomy":"post_tag","embeddable":true,"href":"https:\/\/agora.xtec.cat\/zer-les-salines\/wp-json\/wp\/v2\/tags?post=1611"}],"curies":[{"name":"wp","href":"https:\/\/api.w.org\/{rel}","templated":true}]}}