{"id":1570,"date":"2020-05-22T10:49:50","date_gmt":"2020-05-22T08:49:50","guid":{"rendered":"http:\/\/agora.xtec.cat\/zer-les-salines\/?p=1570"},"modified":"2020-05-22T10:49:50","modified_gmt":"2020-05-22T08:49:50","slug":"expressem-nos-amb-el-cos","status":"publish","type":"post","link":"https:\/\/agora.xtec.cat\/zer-les-salines\/portada\/expressem-nos-amb-el-cos\/","title":{"rendered":"Expressem-nos amb el cos!"},"content":{"rendered":"<p>La proposta d&#8217;aquesta setmana est\u00e0 relacionada amb l&#8217;expressi\u00f3 corporal.<\/p>\n<p>Els m\u00e9s petits (educaci\u00f3 infantil i cicle inicial) podreu fer d&#8217;actors i actrius. Sereu els protagonistes del conte que vosaltres escolliu!<\/p>\n<p>Els m\u00e9s grans (cicle mitj\u00e0 i cicle superior) podeu fer m\u00edmica mirant alguns v\u00eddeos d&#8217;uns grans mestres de la m\u00edmica: &#8220;El Tricicle&#8221;.<\/p>\n<p>Aqu\u00ed teniu els enlla\u00e7os de les activitats:<\/p>\n<p><a href=\"https:\/\/view.genial.ly\/5ec6a7b15cf4ce0d97da718c\/interactive-image-fem-dactors-i-actrius-eici\">Educaci\u00f3 infantil i cicle inicial<\/a><\/p>\n<p><a href=\"https:\/\/www.canva.com\/design\/DAD86bL99DQ\/ZzMHE1q6AhnXBj2TihKyCw\/view?utm_content=DAD86bL99DQ&amp;utm_campaign=designshare&amp;utm_medium=link&amp;utm_source=sharebutton\">Cicle mitj\u00e0 i cicle superior<\/a><\/p>\n","protected":false},"excerpt":{"rendered":"<p>La proposta d&#8217;aquesta setmana est\u00e0 relacionada amb l&#8217;expressi\u00f3 corporal.<br \/>\nEls m\u00e9s petits (educaci\u00f3 infantil i cicle inicial) podreu fer d&#8217;actors i actrius. Sereu els protagonistes del conte que vosaltres escolliu!<br \/>\nEls m\u00e9s grans (cicle mitj\u00e0 i cicle superior) podeu fer m\u00edmica mirant alguns v\u00eddeos d&#8217;uns grans mestres&hellip;  <a href=\"https:\/\/agora.xtec.cat\/zer-les-salines\/portada\/expressem-nos-amb-el-cos\/\" title=\"Read Expressem-nos amb el cos!\">Llegeix m\u00e9s\u00bb<\/a><\/p>\n","protected":false},"author":3,"featured_media":1576,"comment_status":"open","ping_status":"closed","sticky":false,"template":"","format":"standard","meta":{"_bbp_topic_count":0,"_bbp_reply_count":0,"_bbp_total_topic_count":0,"_bbp_total_reply_count":0,"_bbp_voice_count":0,"_bbp_anonymous_reply_count":0,"_bbp_topic_count_hidden":0,"_bbp_reply_count_hidden":0,"_bbp_forum_subforum_count":0,"footnotes":""},"categories":[120,29],"tags":[224,238,300],"class_list":["post-1570","post","type-post","status-publish","format-standard","has-post-thumbnail","hentry","category-ef","category-portada","tag-educacio-fisica","tag-ef","tag-expressio-corporal"],"post_mailing_queue_ids":[],"_links":{"self":[{"href":"https:\/\/agora.xtec.cat\/zer-les-salines\/wp-json\/wp\/v2\/posts\/1570","targetHints":{"allow":["GET"]}}],"collection":[{"href":"https:\/\/agora.xtec.cat\/zer-les-salines\/wp-json\/wp\/v2\/posts"}],"about":[{"href":"https:\/\/agora.xtec.cat\/zer-les-salines\/wp-json\/wp\/v2\/types\/post"}],"author":[{"embeddable":true,"href":"https:\/\/agora.xtec.cat\/zer-les-salines\/wp-json\/wp\/v2\/users\/3"}],"replies":[{"embeddable":true,"href":"https:\/\/agora.xtec.cat\/zer-les-salines\/wp-json\/wp\/v2\/comments?post=1570"}],"version-history":[{"count":1,"href":"https:\/\/agora.xtec.cat\/zer-les-salines\/wp-json\/wp\/v2\/posts\/1570\/revisions"}],"predecessor-version":[{"id":1580,"href":"https:\/\/agora.xtec.cat\/zer-les-salines\/wp-json\/wp\/v2\/posts\/1570\/revisions\/1580"}],"wp:featuredmedia":[{"embeddable":true,"href":"https:\/\/agora.xtec.cat\/zer-les-salines\/wp-json\/wp\/v2\/media\/1576"}],"wp:attachment":[{"href":"https:\/\/agora.xtec.cat\/zer-les-salines\/wp-json\/wp\/v2\/media?parent=1570"}],"wp:term":[{"taxonomy":"category","embeddable":true,"href":"https:\/\/agora.xtec.cat\/zer-les-salines\/wp-json\/wp\/v2\/categories?post=1570"},{"taxonomy":"post_tag","embeddable":true,"href":"https:\/\/agora.xtec.cat\/zer-les-salines\/wp-json\/wp\/v2\/tags?post=1570"}],"curies":[{"name":"wp","href":"https:\/\/api.w.org\/{rel}","templated":true}]}}