{"id":1554,"date":"2020-05-20T20:03:38","date_gmt":"2020-05-20T18:03:38","guid":{"rendered":"http:\/\/agora.xtec.cat\/zer-les-salines\/?p=1554"},"modified":"2020-05-20T20:03:38","modified_gmt":"2020-05-20T18:03:38","slug":"obertura-centres-escolars","status":"publish","type":"post","link":"https:\/\/agora.xtec.cat\/zer-les-salines\/portada\/obertura-centres-escolars\/","title":{"rendered":"Obertura centres escolars"},"content":{"rendered":"<p>Benvolgudes fam\u00edlies,<\/p>\n<p>Avui el Conseller d&#8217;Educaci\u00f3, el Sr. Josep Bargall\u00f3 ha fet p\u00fablica la reobertura de les escoles de Catalunya.<\/p>\n<p>Al llarg d&#8217;aquesta setmana i la setmana vinent ens arribaran m\u00e9s instruccions al respecte. Tan bon punt ho tinguem definit us ho comunicarem a trav\u00e9s del correu electr\u00f2nic i el NODES (p\u00e0gina web).<\/p>\n","protected":false},"excerpt":{"rendered":"<p>Benvolgudes fam\u00edlies,<br \/>\nAvui el Conseller d&#8217;Educaci\u00f3, el Sr. Josep Bargall\u00f3 ha fet p\u00fablica la reobertura de les escoles de Catalunya.<br \/>\nAl llarg d&#8217;aquesta setmana i la setmana vinent ens arribaran m\u00e9s instruccions al respecte. Tan bon punt ho tinguem definit us ho comunicarem a trav\u00e9s del correu&hellip;  <a href=\"https:\/\/agora.xtec.cat\/zer-les-salines\/portada\/obertura-centres-escolars\/\" title=\"Read Obertura centres escolars\">Llegeix m\u00e9s\u00bb<\/a><\/p>\n","protected":false},"author":1,"featured_media":0,"comment_status":"open","ping_status":"closed","sticky":false,"template":"","format":"standard","meta":{"_bbp_topic_count":0,"_bbp_reply_count":0,"_bbp_total_topic_count":0,"_bbp_total_reply_count":0,"_bbp_voice_count":0,"_bbp_anonymous_reply_count":0,"_bbp_topic_count_hidden":0,"_bbp_reply_count_hidden":0,"_bbp_forum_subforum_count":0,"footnotes":""},"categories":[227,29],"tags":[],"class_list":["post-1554","post","type-post","status-publish","format-standard","hentry","category-families","category-portada"],"post_mailing_queue_ids":[],"_links":{"self":[{"href":"https:\/\/agora.xtec.cat\/zer-les-salines\/wp-json\/wp\/v2\/posts\/1554","targetHints":{"allow":["GET"]}}],"collection":[{"href":"https:\/\/agora.xtec.cat\/zer-les-salines\/wp-json\/wp\/v2\/posts"}],"about":[{"href":"https:\/\/agora.xtec.cat\/zer-les-salines\/wp-json\/wp\/v2\/types\/post"}],"author":[{"embeddable":true,"href":"https:\/\/agora.xtec.cat\/zer-les-salines\/wp-json\/wp\/v2\/users\/1"}],"replies":[{"embeddable":true,"href":"https:\/\/agora.xtec.cat\/zer-les-salines\/wp-json\/wp\/v2\/comments?post=1554"}],"version-history":[{"count":1,"href":"https:\/\/agora.xtec.cat\/zer-les-salines\/wp-json\/wp\/v2\/posts\/1554\/revisions"}],"predecessor-version":[{"id":1555,"href":"https:\/\/agora.xtec.cat\/zer-les-salines\/wp-json\/wp\/v2\/posts\/1554\/revisions\/1555"}],"wp:attachment":[{"href":"https:\/\/agora.xtec.cat\/zer-les-salines\/wp-json\/wp\/v2\/media?parent=1554"}],"wp:term":[{"taxonomy":"category","embeddable":true,"href":"https:\/\/agora.xtec.cat\/zer-les-salines\/wp-json\/wp\/v2\/categories?post=1554"},{"taxonomy":"post_tag","embeddable":true,"href":"https:\/\/agora.xtec.cat\/zer-les-salines\/wp-json\/wp\/v2\/tags?post=1554"}],"curies":[{"name":"wp","href":"https:\/\/api.w.org\/{rel}","templated":true}]}}