{"id":1520,"date":"2020-05-13T10:37:28","date_gmt":"2020-05-13T08:37:28","guid":{"rendered":"http:\/\/agora.xtec.cat\/zer-les-salines\/?p=1520"},"modified":"2020-05-13T10:38:36","modified_gmt":"2020-05-13T08:38:36","slug":"apps-per-escannejar-des-del-mobil","status":"publish","type":"post","link":"https:\/\/agora.xtec.cat\/zer-les-salines\/portada\/apps-per-escannejar-des-del-mobil\/","title":{"rendered":"Apps per escannejar des del m\u00f2bil"},"content":{"rendered":"<p>Avui us volem compartir un tutorial que us mostra com escannejar documents des del vostre m\u00f2bil i poder-los enviar com a arxius pdf.<\/p>\n<p>Molt \u00fatil pel per\u00edode d&#8217;inscripcions actual, per\u00f2 tamb\u00e9 per moltes altres gestions.<\/p>\n<p><iframe loading=\"lazy\" title=\"Escanejar i desar documents en pdf des del m\u00f2bil (CRP Baix Empord\u00e0)\" width=\"500\" height=\"281\" src=\"https:\/\/www.youtube.com\/embed\/HlAz2HUxo3o?feature=oembed\" frameborder=\"0\" allow=\"accelerometer; autoplay; clipboard-write; encrypted-media; gyroscope; picture-in-picture; web-share\" referrerpolicy=\"strict-origin-when-cross-origin\" allowfullscreen><\/iframe><\/p>\n","protected":false},"excerpt":{"rendered":"<p>Dues apps per escannjer documents des del dispositiu m\u00f2bil&hellip;  <a href=\"https:\/\/agora.xtec.cat\/zer-les-salines\/portada\/apps-per-escannejar-des-del-mobil\/\" title=\"Read Apps per escannejar des del m\u00f2bil\">Llegeix m\u00e9s\u00bb<\/a><\/p>\n","protected":false},"author":1,"featured_media":1353,"comment_status":"open","ping_status":"closed","sticky":false,"template":"","format":"standard","meta":{"_bbp_topic_count":0,"_bbp_reply_count":0,"_bbp_total_topic_count":0,"_bbp_total_reply_count":0,"_bbp_voice_count":0,"_bbp_anonymous_reply_count":0,"_bbp_topic_count_hidden":0,"_bbp_reply_count_hidden":0,"_bbp_forum_subforum_count":0,"footnotes":""},"categories":[227,29],"tags":[278,296,295,297],"class_list":["post-1520","post","type-post","status-publish","format-standard","has-post-thumbnail","hentry","category-families","category-portada","tag-app","tag-escannejar","tag-mobil","tag-pdf"],"post_mailing_queue_ids":[],"_links":{"self":[{"href":"https:\/\/agora.xtec.cat\/zer-les-salines\/wp-json\/wp\/v2\/posts\/1520","targetHints":{"allow":["GET"]}}],"collection":[{"href":"https:\/\/agora.xtec.cat\/zer-les-salines\/wp-json\/wp\/v2\/posts"}],"about":[{"href":"https:\/\/agora.xtec.cat\/zer-les-salines\/wp-json\/wp\/v2\/types\/post"}],"author":[{"embeddable":true,"href":"https:\/\/agora.xtec.cat\/zer-les-salines\/wp-json\/wp\/v2\/users\/1"}],"replies":[{"embeddable":true,"href":"https:\/\/agora.xtec.cat\/zer-les-salines\/wp-json\/wp\/v2\/comments?post=1520"}],"version-history":[{"count":1,"href":"https:\/\/agora.xtec.cat\/zer-les-salines\/wp-json\/wp\/v2\/posts\/1520\/revisions"}],"predecessor-version":[{"id":1521,"href":"https:\/\/agora.xtec.cat\/zer-les-salines\/wp-json\/wp\/v2\/posts\/1520\/revisions\/1521"}],"wp:featuredmedia":[{"embeddable":true,"href":"https:\/\/agora.xtec.cat\/zer-les-salines\/wp-json\/wp\/v2\/media\/1353"}],"wp:attachment":[{"href":"https:\/\/agora.xtec.cat\/zer-les-salines\/wp-json\/wp\/v2\/media?parent=1520"}],"wp:term":[{"taxonomy":"category","embeddable":true,"href":"https:\/\/agora.xtec.cat\/zer-les-salines\/wp-json\/wp\/v2\/categories?post=1520"},{"taxonomy":"post_tag","embeddable":true,"href":"https:\/\/agora.xtec.cat\/zer-les-salines\/wp-json\/wp\/v2\/tags?post=1520"}],"curies":[{"name":"wp","href":"https:\/\/api.w.org\/{rel}","templated":true}]}}