{"id":1509,"date":"2020-05-10T17:46:28","date_gmt":"2020-05-10T15:46:28","guid":{"rendered":"http:\/\/agora.xtec.cat\/zer-les-salines\/?p=1509"},"modified":"2020-05-11T22:30:12","modified_gmt":"2020-05-11T20:30:12","slug":"paraules-amb-ritme","status":"publish","type":"post","link":"https:\/\/agora.xtec.cat\/zer-les-salines\/portada\/paraules-amb-ritme\/","title":{"rendered":"Paraules amb ritme"},"content":{"rendered":"<p>Us en recordeu de les figures r\u00edtmiques que treballem a m\u00fasica? Amb aquest v\u00eddeo farem mem\u00f2ria dels ritmes i jugarem amb les paraules. I al final hi trobareu una proposta especial!<\/p>\n<p>Recordeu que si teniu ganes de fer l&#8217;activitat em podeu enviar tot el que us inventeu, fent un v\u00eddeo o gravant-vos la veu, a musicazerlessalines@gmail.com. No patiu que nom\u00e9s ho veur\u00e9 jo!<\/p>\n<p>Som-hi!<\/p>\n<p><iframe loading=\"lazy\" src=\"\/\/www.youtube.com\/embed\/1TPWZCfiiec\" width=\"600\" height=\"338\" frameborder=\"0\"><\/iframe><\/p>\n<p>&nbsp;<\/p>\n<p>&nbsp;<\/p>\n","protected":false},"excerpt":{"rendered":"<p>Us en recordeu de les figures r\u00edtmiques que treballem a m\u00fasica? Amb aquest v\u00eddeo farem mem\u00f2ria dels ritmes i jugarem amb les paraules. I al final hi trobareu una proposta especial!<br \/>\nRecordeu que si teniu ganes de fer l&#8217;activitat em podeu enviar tot el que us&hellip;  <a href=\"https:\/\/agora.xtec.cat\/zer-les-salines\/portada\/paraules-amb-ritme\/\" title=\"Read Paraules amb ritme\">Llegeix m\u00e9s\u00bb<\/a><\/p>\n","protected":false},"author":66,"featured_media":1510,"comment_status":"open","ping_status":"closed","sticky":false,"template":"","format":"standard","meta":{"_bbp_topic_count":0,"_bbp_reply_count":0,"_bbp_total_topic_count":0,"_bbp_total_reply_count":0,"_bbp_voice_count":0,"_bbp_anonymous_reply_count":0,"_bbp_topic_count_hidden":0,"_bbp_reply_count_hidden":0,"_bbp_forum_subforum_count":0,"footnotes":""},"categories":[121,123,29],"tags":[247],"class_list":["post-1509","post","type-post","status-publish","format-standard","has-post-thumbnail","hentry","category-ea","category-especialitats","category-portada","tag-musica"],"post_mailing_queue_ids":[],"_links":{"self":[{"href":"https:\/\/agora.xtec.cat\/zer-les-salines\/wp-json\/wp\/v2\/posts\/1509","targetHints":{"allow":["GET"]}}],"collection":[{"href":"https:\/\/agora.xtec.cat\/zer-les-salines\/wp-json\/wp\/v2\/posts"}],"about":[{"href":"https:\/\/agora.xtec.cat\/zer-les-salines\/wp-json\/wp\/v2\/types\/post"}],"author":[{"embeddable":true,"href":"https:\/\/agora.xtec.cat\/zer-les-salines\/wp-json\/wp\/v2\/users\/66"}],"replies":[{"embeddable":true,"href":"https:\/\/agora.xtec.cat\/zer-les-salines\/wp-json\/wp\/v2\/comments?post=1509"}],"version-history":[{"count":1,"href":"https:\/\/agora.xtec.cat\/zer-les-salines\/wp-json\/wp\/v2\/posts\/1509\/revisions"}],"predecessor-version":[{"id":1511,"href":"https:\/\/agora.xtec.cat\/zer-les-salines\/wp-json\/wp\/v2\/posts\/1509\/revisions\/1511"}],"wp:featuredmedia":[{"embeddable":true,"href":"https:\/\/agora.xtec.cat\/zer-les-salines\/wp-json\/wp\/v2\/media\/1510"}],"wp:attachment":[{"href":"https:\/\/agora.xtec.cat\/zer-les-salines\/wp-json\/wp\/v2\/media?parent=1509"}],"wp:term":[{"taxonomy":"category","embeddable":true,"href":"https:\/\/agora.xtec.cat\/zer-les-salines\/wp-json\/wp\/v2\/categories?post=1509"},{"taxonomy":"post_tag","embeddable":true,"href":"https:\/\/agora.xtec.cat\/zer-les-salines\/wp-json\/wp\/v2\/tags?post=1509"}],"curies":[{"name":"wp","href":"https:\/\/api.w.org\/{rel}","templated":true}]}}