{"id":1484,"date":"2020-05-08T17:19:46","date_gmt":"2020-05-08T15:19:46","guid":{"rendered":"http:\/\/agora.xtec.cat\/zer-les-salines\/?p=1484"},"modified":"2020-05-20T19:59:34","modified_gmt":"2020-05-20T17:59:34","slug":"preinscripcions-curs-20-21","status":"publish","type":"post","link":"https:\/\/agora.xtec.cat\/zer-les-salines\/portada\/preinscripcions-curs-20-21\/","title":{"rendered":"Preinscripcions curs 20\/21"},"content":{"rendered":"<p>Benvolgudes fam\u00edlies,<\/p>\n<p>Ja han sortit publicades m\u00e9s instruccions per dur a terme <strong>la preinscripci\u00f3 escolar<\/strong> per a l&#8217;educaci\u00f3 infantil, prim\u00e0ria i ESO (concretament els alumnes que han de comen\u00e7ar P3, els alumnes que han de comen\u00e7ar 1r d&#8217;ESO poden mirar la p\u00e0gina web de l&#8217;institut &#8211; <a href=\"https:\/\/cendrassos.net\/preinscripcio-curs-2020-21\/\">INS Cendrassos<\/a> &#8211; <a href=\"https:\/\/agora.xtec.cat\/ieslajonquera\/general\/preinscripcio-curs-2020-2021\/\">INS La Jonquera<\/a>):<\/p>\n<ul>\n<li>Full de <a href=\"http:\/\/ensenyament.gencat.cat\/web\/shared\/OVT\/Departaments\/ENS\/TramitOVT\/preinscripcio\/obligatoris\/A42.pdf\">sol\u00b7licitud<\/a> en pdf<\/li>\n<li>Es podr\u00e0 fer de manera <a href=\"http:\/\/ensenyament.gencat.cat\/ca\/tramits\/tramits-temes\/20483_preinscripcio_escolar?moda=1\"><strong>telem\u00e0tica<\/strong><\/a> i no presencial des del dia <strong>13 de maig fins el 22 de maig\u00a0<\/strong>(opci\u00f3 recomanada).<\/li>\n<li>Ateses les actuals circumst\u00e0ncies extraordin\u00e0ries per la covid-19, es podr\u00e0 fer de forma <strong style=\"font-family: inherit; font-size: 1em;\">presencial<\/strong><span style=\"font-family: inherit; font-size: 1em;\"> nom\u00e9s amb <a href=\"https:\/\/espai.educacio.gencat.cat\/Departament\/Comunicacio\/Noticies\/Pagines\/Gestio-cita-previa.aspx\"><strong>cita pr\u00e8via<\/strong><\/a>, entre el <\/span><strong style=\"font-family: inherit; font-size: 1em;\">19 i el 22 de maig, <\/strong>seguint aquestes recomanacions:\n<ul>\n<li>al centre ha de venir el <strong>menor nombre possible de persones<\/strong> a fer les gestions (preferiblement, una sola persona);<\/li>\n<li>s&#8217;ha de portar la <a href=\"http:\/\/queestudiar.gencat.cat\/ca\/preinscripcio\/estudis\/obligatoris\/documentacio\/\">documentaci\u00f3<\/a> per a poder-la escanejar o fotocopiar i, si pot ser, la sol\u00b7licitud emplenada des de casa. En el cas que s&#8217;hagi d&#8217;emplenar la sol\u00b7licitud a l&#8217;escola, cal que es porti <strong>el propi bol\u00edgraf<\/strong>;<\/li>\n<li>\u00e9s recomanable portar <strong>mascareta i guants<\/strong>;<\/li>\n<li>no han d\u2019acudir al centre les persones de <strong>grups d&#8217;especial vulnerabilitat<\/strong> o en <strong>per\u00edode de confinament<\/strong>, o que <strong>presentin s\u00edmptomes<\/strong>; en aquest cas, <strong>poden autoritzar<\/strong> <strong>per escrit a una altra persona<\/strong> a portar la sol\u00b7licitud i la documentaci\u00f3.<\/li>\n<\/ul>\n<\/li>\n<li>Aquest \u00e9s <a href=\"http:\/\/queestudiar.gencat.cat\/ca\/preinscripcio\/estudis\/obligatoris\/\">l&#8217;enlla\u00e7 oficial<\/a> per tenir m\u00e9s informaci\u00f3 sobre tot el procediment (es va actualitzant).<\/li>\n<li>En <a href=\"http:\/\/queestudiar.gencat.cat\/ca\/preinscripcio\/estudis\/obligatoris\/documentacio\/\">aquest enlla\u00e7<\/a> trobareu la documentaci\u00f3 que necessitareu per poder fer la preinscripci\u00f3.<\/li>\n<\/ul>\n<p>Cal tenir present que amb l\u2019obertura dels centres per al tr\u00e0mit de preinscripci\u00f3 nom\u00e9s est\u00e0 prevista la utilitzaci\u00f3 dels espais imprescindibles per al treball administratiu. Per tant, no ser\u00e0 possible realitzar visites als centres.<\/p>\n<p>Per qualsevol dubte podeu posar-vos en contacte amb les escoles a trav\u00e9s del correu electr\u00f2nic:<\/p>\n<ul>\n<li>Escola Llu\u00eds Mari\u00e0 Vidal &#8211; Agullana: b7000019@xtec.cat<\/li>\n<li>Escola Manuel de Pedrolo &#8211; Biure: b7004293<span style=\"font-family: inherit; font-size: 1em;\">@xtec.cat\u00a0<\/span><\/li>\n<li>Escola Santa Cec\u00edlia &#8211; Boadella i Les Escaules: b7000603<span style=\"font-family: inherit; font-size: 1em;\">@xtec.cat<\/span><\/li>\n<li>Escola Les Salines &#8211; Ma\u00e7anet de Cabrenys: b7002168<span style=\"font-family: inherit; font-size: 1em;\">@xtec.cat\u00a0<\/span><\/li>\n<\/ul>\n<p>Aquest article est\u00e0 en constant actualitzaci\u00f3.<\/p>\n<p>&nbsp;<\/p>\n<p>&nbsp;<\/p>\n","protected":false},"excerpt":{"rendered":"<p>Novetats en la preinscripci\u00f3 20-21&hellip;  <a href=\"https:\/\/agora.xtec.cat\/zer-les-salines\/portada\/preinscripcions-curs-20-21\/\" title=\"Read Preinscripcions curs 20\/21\">Llegeix m\u00e9s\u00bb<\/a><\/p>\n","protected":false},"author":1,"featured_media":1485,"comment_status":"open","ping_status":"closed","sticky":false,"template":"","format":"standard","meta":{"_bbp_topic_count":0,"_bbp_reply_count":0,"_bbp_total_topic_count":0,"_bbp_total_reply_count":0,"_bbp_voice_count":0,"_bbp_anonymous_reply_count":0,"_bbp_topic_count_hidden":0,"_bbp_reply_count_hidden":0,"_bbp_forum_subforum_count":0,"footnotes":""},"categories":[114,116,117,227,29],"tags":[290],"class_list":["post-1484","post","type-post","status-publish","format-standard","has-post-thumbnail","hentry","category-blog-escola-lessalines","category-blog-escola-manueldepedrolo","category-blog-escola-santacecilia","category-families","category-portada","tag-preinscripcio"],"post_mailing_queue_ids":[],"_links":{"self":[{"href":"https:\/\/agora.xtec.cat\/zer-les-salines\/wp-json\/wp\/v2\/posts\/1484","targetHints":{"allow":["GET"]}}],"collection":[{"href":"https:\/\/agora.xtec.cat\/zer-les-salines\/wp-json\/wp\/v2\/posts"}],"about":[{"href":"https:\/\/agora.xtec.cat\/zer-les-salines\/wp-json\/wp\/v2\/types\/post"}],"author":[{"embeddable":true,"href":"https:\/\/agora.xtec.cat\/zer-les-salines\/wp-json\/wp\/v2\/users\/1"}],"replies":[{"embeddable":true,"href":"https:\/\/agora.xtec.cat\/zer-les-salines\/wp-json\/wp\/v2\/comments?post=1484"}],"version-history":[{"count":3,"href":"https:\/\/agora.xtec.cat\/zer-les-salines\/wp-json\/wp\/v2\/posts\/1484\/revisions"}],"predecessor-version":[{"id":1524,"href":"https:\/\/agora.xtec.cat\/zer-les-salines\/wp-json\/wp\/v2\/posts\/1484\/revisions\/1524"}],"wp:featuredmedia":[{"embeddable":true,"href":"https:\/\/agora.xtec.cat\/zer-les-salines\/wp-json\/wp\/v2\/media\/1485"}],"wp:attachment":[{"href":"https:\/\/agora.xtec.cat\/zer-les-salines\/wp-json\/wp\/v2\/media?parent=1484"}],"wp:term":[{"taxonomy":"category","embeddable":true,"href":"https:\/\/agora.xtec.cat\/zer-les-salines\/wp-json\/wp\/v2\/categories?post=1484"},{"taxonomy":"post_tag","embeddable":true,"href":"https:\/\/agora.xtec.cat\/zer-les-salines\/wp-json\/wp\/v2\/tags?post=1484"}],"curies":[{"name":"wp","href":"https:\/\/api.w.org\/{rel}","templated":true}]}}