{"id":1442,"date":"2020-05-02T10:22:32","date_gmt":"2020-05-02T08:22:32","guid":{"rendered":"http:\/\/agora.xtec.cat\/zer-les-salines\/?p=1442"},"modified":"2020-05-02T11:07:30","modified_gmt":"2020-05-02T09:07:30","slug":"joc-musical-de-ritme-i-memoria","status":"publish","type":"post","link":"https:\/\/agora.xtec.cat\/zer-les-salines\/general\/joc-musical-de-ritme-i-memoria\/","title":{"rendered":"Joc musical de ritme i mem\u00f2ria"},"content":{"rendered":"<p>Moltes gr\u00e0cies a tots els que heu participat a la proposta anterior, &#8220;<a href=\"http:\/\/agora.xtec.cat\/zer-les-salines\/portada\/endevinem-cancons-proposta-de-musica\/\" target=\"_blank\" rel=\"noopener noreferrer\">Endevinem can\u00e7ons<\/a>&#8220;, i als que aneu <a href=\"http:\/\/agora.xtec.cat\/zer-les-salines\/portada\/glosa-confinada-de-la-zer\/\" target=\"_blank\" rel=\"noopener noreferrer\">enviant nyacres i garrotins<\/a>!<\/p>\n<p>Aquesta setmana us proposo un joc per posar a prova el ritme i la\u00a0mem\u00f2ria, la versi\u00f3 casolana del Simon; tan sols necessiteu quatre fulls de colors (si no en teniu els podeu pintar) i molta atenci\u00f3. Hi podeu jugar sols, imitant el que us proposo al v\u00eddeo, o en parella; us deixo tamb\u00e9 la can\u00e7\u00f3 i aix\u00ed us podeu inventar vosaltres els ritmes. Pels m\u00e9s grans, poseu atenci\u00f3 que a la meitat de la can\u00e7\u00f3 els ritmes es compliquen.<\/p>\n<p>A jugar!<\/p>\n<p><iframe loading=\"lazy\" src=\"\/\/www.youtube.com\/embed\/jv8xP7p5Qnc\" width=\"600\" height=\"338\" frameborder=\"0\"><\/iframe><\/p>\n<p>Aqu\u00ed teniu la m\u00fasica (<em>&#8220;Walking to the left&#8221;<\/em> del grup The Shenanigans)<\/p>\n<p><iframe loading=\"lazy\" src=\"https:\/\/drive.google.com\/file\/d\/1omZ3rG9cMoYVfzpYUuXOBWYNprt5lV6h\/preview\" width=\"490\" height=\"56\"><\/iframe><\/p>\n<p><strong>Recordeu!!\u00a0<\/strong>Si teniu qualsevol dubte, proposta o voleu enviar fotos de les activitats de m\u00fasica que feu, podeu contactar amb mi a trav\u00e9s d&#8217;aquest correu:\u00a0<strong>musicazerlessalines<span class=\"\"><span class=\"\"><span class=\"\"><span class=\"\">@g<\/span><\/span>mai<\/span>l.com<\/span><\/strong><\/p>\n<p>Tamb\u00e9 teniu aquesta p\u00e0gina &#8220;<a href=\"http:\/\/agora.xtec.cat\/zer-les-salines\/portada\/propostes-de-musica-joemquedoacasa\/\" target=\"_blank\" rel=\"noopener noreferrer\">Propostes de m\u00fasica<\/a>&#8221; #joemquedoacasa on vaig penjant altres activitats i jocs online per repassar el que hem treballat a l&#8217;escola.<\/p>\n<p>Que la m\u00fasica us acompanyi!<\/p>\n<p>&nbsp;<\/p>\n","protected":false},"excerpt":{"rendered":"<p>Aquesta setmana us proposo la versi\u00f3 casolana del Simon&hellip;  <a href=\"https:\/\/agora.xtec.cat\/zer-les-salines\/general\/joc-musical-de-ritme-i-memoria\/\" title=\"Read Joc musical de ritme i mem\u00f2ria\">Llegeix m\u00e9s\u00bb<\/a><\/p>\n","protected":false},"author":66,"featured_media":1443,"comment_status":"open","ping_status":"closed","sticky":false,"template":"","format":"standard","meta":{"_bbp_topic_count":0,"_bbp_reply_count":0,"_bbp_total_topic_count":0,"_bbp_total_reply_count":0,"_bbp_voice_count":0,"_bbp_anonymous_reply_count":0,"_bbp_topic_count_hidden":0,"_bbp_reply_count_hidden":0,"_bbp_forum_subforum_count":0,"footnotes":""},"categories":[121,123,1,29],"tags":[282,247],"class_list":["post-1442","post","type-post","status-publish","format-standard","has-post-thumbnail","hentry","category-ea","category-especialitats","category-general","category-portada","tag-joc","tag-musica"],"post_mailing_queue_ids":[],"_links":{"self":[{"href":"https:\/\/agora.xtec.cat\/zer-les-salines\/wp-json\/wp\/v2\/posts\/1442","targetHints":{"allow":["GET"]}}],"collection":[{"href":"https:\/\/agora.xtec.cat\/zer-les-salines\/wp-json\/wp\/v2\/posts"}],"about":[{"href":"https:\/\/agora.xtec.cat\/zer-les-salines\/wp-json\/wp\/v2\/types\/post"}],"author":[{"embeddable":true,"href":"https:\/\/agora.xtec.cat\/zer-les-salines\/wp-json\/wp\/v2\/users\/66"}],"replies":[{"embeddable":true,"href":"https:\/\/agora.xtec.cat\/zer-les-salines\/wp-json\/wp\/v2\/comments?post=1442"}],"version-history":[{"count":3,"href":"https:\/\/agora.xtec.cat\/zer-les-salines\/wp-json\/wp\/v2\/posts\/1442\/revisions"}],"predecessor-version":[{"id":1452,"href":"https:\/\/agora.xtec.cat\/zer-les-salines\/wp-json\/wp\/v2\/posts\/1442\/revisions\/1452"}],"wp:featuredmedia":[{"embeddable":true,"href":"https:\/\/agora.xtec.cat\/zer-les-salines\/wp-json\/wp\/v2\/media\/1443"}],"wp:attachment":[{"href":"https:\/\/agora.xtec.cat\/zer-les-salines\/wp-json\/wp\/v2\/media?parent=1442"}],"wp:term":[{"taxonomy":"category","embeddable":true,"href":"https:\/\/agora.xtec.cat\/zer-les-salines\/wp-json\/wp\/v2\/categories?post=1442"},{"taxonomy":"post_tag","embeddable":true,"href":"https:\/\/agora.xtec.cat\/zer-les-salines\/wp-json\/wp\/v2\/tags?post=1442"}],"curies":[{"name":"wp","href":"https:\/\/api.w.org\/{rel}","templated":true}]}}