{"id":1396,"date":"2020-04-29T19:49:33","date_gmt":"2020-04-29T17:49:33","guid":{"rendered":"http:\/\/agora.xtec.cat\/zer-les-salines\/?p=1396"},"modified":"2020-04-30T11:24:34","modified_gmt":"2020-04-30T09:24:34","slug":"no-pareu-de-moureus","status":"publish","type":"post","link":"https:\/\/agora.xtec.cat\/zer-les-salines\/general\/no-pareu-de-moureus\/","title":{"rendered":"No us pareu de moure!"},"content":{"rendered":"<p>El passat 6 d&#8217;abril va ser el dia mundial de l&#8217;activitat f\u00edsica i l&#8217;esport, per\u00f2 cada dia haur\u00edem de dedicar una estona a fer activitat f\u00edsica&#8230; I direu&#8230; ai S\u00edlvia que pesada amb l&#8217;activitat f\u00edsica! Per\u00f2 mireu, si feu clic <a href=\"https:\/\/canalsalut.gencat.cat\/ca\/vida-saludable\/activitat_fisica\/quins-beneficis-te-lactivitat-fisica\/\">aqu\u00ed<\/a> podreu veure quins s\u00f3n els beneficis de moure&#8217;s entre 30 i 60 minuts cada dia!<\/p>\n<p>Aprofiteu, ara que podeu sortir una estoneta, per c\u00f3rrer, saltar, jugar, cridar i el que us vingui de gust!<\/p>\n<p>Per les altres estones que estigueu a casa us deixo les propostes que podeu fer aquesta setmana. Us les classifico per cicles, per\u00f2 si voleu fer alguna altra proposta d&#8217;algun altre cicle (a part de la vostra) podeu fer-ho!<\/p>\n<ul>\n<li><a href=\"https:\/\/view.genial.ly\/5ea93a53bcafac0d9fde1309\/horizontal-infographic-review-genially-sin-titulo\">Proposta per Cicle superior<\/a><\/li>\n<li><a href=\"https:\/\/view.genial.ly\/5ea8519f402cfd0dbadf1896\/horizontal-infographic-timeline-genially-sin-titulo\">Proposta per Cicle mitj\u00e0<\/a><\/li>\n<li><a href=\"https:\/\/view.genial.ly\/5ea9a2e4656b4b0d7fe25f89\/interactive-image-imagen-interactiva\">Proposta per Cicle inicial i educaci\u00f3 infantil<\/a><\/li>\n<\/ul>\n<p>Una abra\u00e7ada!<\/p>\n","protected":false},"excerpt":{"rendered":"<p>Dia mundial de l&#8217;activitat f\u00edsica i l&#8217;esport i reptes motrius per moure&#8217;ns a casa!&hellip;  <a href=\"https:\/\/agora.xtec.cat\/zer-les-salines\/general\/no-pareu-de-moureus\/\" title=\"Read No us pareu de moure!\">Llegeix m\u00e9s\u00bb<\/a><\/p>\n","protected":false},"author":3,"featured_media":1421,"comment_status":"open","ping_status":"closed","sticky":false,"template":"","format":"standard","meta":{"_bbp_topic_count":0,"_bbp_reply_count":0,"_bbp_total_topic_count":0,"_bbp_total_reply_count":0,"_bbp_voice_count":0,"_bbp_anonymous_reply_count":0,"_bbp_topic_count_hidden":0,"_bbp_reply_count_hidden":0,"_bbp_forum_subforum_count":0,"footnotes":""},"categories":[120,1,29],"tags":[224,287],"class_list":["post-1396","post","type-post","status-publish","format-standard","has-post-thumbnail","hentry","category-ef","category-general","category-portada","tag-educacio-fisica","tag-reptes-motrius"],"post_mailing_queue_ids":[],"_links":{"self":[{"href":"https:\/\/agora.xtec.cat\/zer-les-salines\/wp-json\/wp\/v2\/posts\/1396","targetHints":{"allow":["GET"]}}],"collection":[{"href":"https:\/\/agora.xtec.cat\/zer-les-salines\/wp-json\/wp\/v2\/posts"}],"about":[{"href":"https:\/\/agora.xtec.cat\/zer-les-salines\/wp-json\/wp\/v2\/types\/post"}],"author":[{"embeddable":true,"href":"https:\/\/agora.xtec.cat\/zer-les-salines\/wp-json\/wp\/v2\/users\/3"}],"replies":[{"embeddable":true,"href":"https:\/\/agora.xtec.cat\/zer-les-salines\/wp-json\/wp\/v2\/comments?post=1396"}],"version-history":[{"count":3,"href":"https:\/\/agora.xtec.cat\/zer-les-salines\/wp-json\/wp\/v2\/posts\/1396\/revisions"}],"predecessor-version":[{"id":1440,"href":"https:\/\/agora.xtec.cat\/zer-les-salines\/wp-json\/wp\/v2\/posts\/1396\/revisions\/1440"}],"wp:featuredmedia":[{"embeddable":true,"href":"https:\/\/agora.xtec.cat\/zer-les-salines\/wp-json\/wp\/v2\/media\/1421"}],"wp:attachment":[{"href":"https:\/\/agora.xtec.cat\/zer-les-salines\/wp-json\/wp\/v2\/media?parent=1396"}],"wp:term":[{"taxonomy":"category","embeddable":true,"href":"https:\/\/agora.xtec.cat\/zer-les-salines\/wp-json\/wp\/v2\/categories?post=1396"},{"taxonomy":"post_tag","embeddable":true,"href":"https:\/\/agora.xtec.cat\/zer-les-salines\/wp-json\/wp\/v2\/tags?post=1396"}],"curies":[{"name":"wp","href":"https:\/\/api.w.org\/{rel}","templated":true}]}}