{"id":1391,"date":"2020-04-24T11:43:40","date_gmt":"2020-04-24T09:43:40","guid":{"rendered":"http:\/\/agora.xtec.cat\/zer-les-salines\/?p=1391"},"modified":"2020-04-24T11:43:57","modified_gmt":"2020-04-24T09:43:57","slug":"cursa-de-cucs","status":"publish","type":"post","link":"https:\/\/agora.xtec.cat\/zer-les-salines\/portada\/cursa-de-cucs\/","title":{"rendered":"Cursa de cucs!"},"content":{"rendered":"<p>Estem segures que heu fet moltes curses, per\u00f2 heu fet mai una cursa de cucs?!<\/p>\n<p>Mireu aquest v\u00eddeo i feu la vostra primera cursa de cucs confinada! Va molt b\u00e9 per treballar la capacitat pulmonar i la qualitat respirat\u00f2ria, entre altres coses!<\/p>\n<p><iframe loading=\"lazy\" title=\"Cursa de cucs!\" width=\"500\" height=\"281\" src=\"https:\/\/www.youtube.com\/embed\/bbnpCW2Edco?feature=oembed\" frameborder=\"0\" allow=\"accelerometer; autoplay; clipboard-write; encrypted-media; gyroscope; picture-in-picture; web-share\" referrerpolicy=\"strict-origin-when-cross-origin\" allowfullscreen><\/iframe><\/p>\n","protected":false},"excerpt":{"rendered":"<p>Preparats&#8230; llestos&#8230; ja!&hellip;  <a href=\"https:\/\/agora.xtec.cat\/zer-les-salines\/portada\/cursa-de-cucs\/\" title=\"Read Cursa de cucs!\">Llegeix m\u00e9s\u00bb<\/a><\/p>\n","protected":false},"author":1,"featured_media":1392,"comment_status":"open","ping_status":"closed","sticky":false,"template":"","format":"standard","meta":{"_bbp_topic_count":0,"_bbp_reply_count":0,"_bbp_total_topic_count":0,"_bbp_total_reply_count":0,"_bbp_voice_count":0,"_bbp_anonymous_reply_count":0,"_bbp_topic_count_hidden":0,"_bbp_reply_count_hidden":0,"_bbp_forum_subforum_count":0,"footnotes":""},"categories":[29],"tags":[286,285,284],"class_list":["post-1391","post","type-post","status-publish","format-standard","has-post-thumbnail","hentry","category-portada","tag-buf","tag-cucs","tag-cursa"],"post_mailing_queue_ids":[],"_links":{"self":[{"href":"https:\/\/agora.xtec.cat\/zer-les-salines\/wp-json\/wp\/v2\/posts\/1391","targetHints":{"allow":["GET"]}}],"collection":[{"href":"https:\/\/agora.xtec.cat\/zer-les-salines\/wp-json\/wp\/v2\/posts"}],"about":[{"href":"https:\/\/agora.xtec.cat\/zer-les-salines\/wp-json\/wp\/v2\/types\/post"}],"author":[{"embeddable":true,"href":"https:\/\/agora.xtec.cat\/zer-les-salines\/wp-json\/wp\/v2\/users\/1"}],"replies":[{"embeddable":true,"href":"https:\/\/agora.xtec.cat\/zer-les-salines\/wp-json\/wp\/v2\/comments?post=1391"}],"version-history":[{"count":1,"href":"https:\/\/agora.xtec.cat\/zer-les-salines\/wp-json\/wp\/v2\/posts\/1391\/revisions"}],"predecessor-version":[{"id":1393,"href":"https:\/\/agora.xtec.cat\/zer-les-salines\/wp-json\/wp\/v2\/posts\/1391\/revisions\/1393"}],"wp:featuredmedia":[{"embeddable":true,"href":"https:\/\/agora.xtec.cat\/zer-les-salines\/wp-json\/wp\/v2\/media\/1392"}],"wp:attachment":[{"href":"https:\/\/agora.xtec.cat\/zer-les-salines\/wp-json\/wp\/v2\/media?parent=1391"}],"wp:term":[{"taxonomy":"category","embeddable":true,"href":"https:\/\/agora.xtec.cat\/zer-les-salines\/wp-json\/wp\/v2\/categories?post=1391"},{"taxonomy":"post_tag","embeddable":true,"href":"https:\/\/agora.xtec.cat\/zer-les-salines\/wp-json\/wp\/v2\/tags?post=1391"}],"curies":[{"name":"wp","href":"https:\/\/api.w.org\/{rel}","templated":true}]}}