{"id":1385,"date":"2020-04-23T10:55:26","date_gmt":"2020-04-23T08:55:26","guid":{"rendered":"http:\/\/agora.xtec.cat\/zer-les-salines\/?p=1385"},"modified":"2020-04-23T10:55:26","modified_gmt":"2020-04-23T08:55:26","slug":"sant-jordi-2020","status":"publish","type":"post","link":"https:\/\/agora.xtec.cat\/zer-les-salines\/portada\/sant-jordi-2020\/","title":{"rendered":"Sant Jordi 2020"},"content":{"rendered":"<p>Us desitgem a totes i a tots un feli\u00e7 Sant Jordi, \u00e9s una diada diferent, per\u00f2 fem-la especial com cada any.<\/p>\n<p>Us compartim un muntatge que han fet des de l&#8217;escola Les Salines de Ma\u00e7anet de Cabrenys. Esperem que en gaudiu!<\/p>\n<p>Una forta abra\u00e7ada i bona diada!<\/p>\n<p><iframe loading=\"lazy\" title=\"Sant Jordi 2020 Escola Les Salines\" width=\"500\" height=\"375\" src=\"https:\/\/www.youtube.com\/embed\/pU_pBHDsLfs?feature=oembed\" frameborder=\"0\" allow=\"accelerometer; autoplay; clipboard-write; encrypted-media; gyroscope; picture-in-picture; web-share\" referrerpolicy=\"strict-origin-when-cross-origin\" allowfullscreen><\/iframe><\/p>\n","protected":false},"excerpt":{"rendered":"<p>Tenim un v\u00eddeo molt especial per vosaltres!<br \/>\nFeli\u00e7 Sant Jordi i bona diada! &hellip;  <a href=\"https:\/\/agora.xtec.cat\/zer-les-salines\/portada\/sant-jordi-2020\/\" title=\"Read Sant Jordi 2020\">Llegeix m\u00e9s\u00bb<\/a><\/p>\n","protected":false},"author":1,"featured_media":1387,"comment_status":"open","ping_status":"closed","sticky":false,"template":"","format":"standard","meta":{"_bbp_topic_count":0,"_bbp_reply_count":0,"_bbp_total_topic_count":0,"_bbp_total_reply_count":0,"_bbp_voice_count":0,"_bbp_anonymous_reply_count":0,"_bbp_topic_count_hidden":0,"_bbp_reply_count_hidden":0,"_bbp_forum_subforum_count":0,"footnotes":""},"categories":[114,29],"tags":[283,38],"class_list":["post-1385","post","type-post","status-publish","format-standard","has-post-thumbnail","hentry","category-blog-escola-lessalines","category-portada","tag-confinament","tag-sant-jordi"],"post_mailing_queue_ids":[],"_links":{"self":[{"href":"https:\/\/agora.xtec.cat\/zer-les-salines\/wp-json\/wp\/v2\/posts\/1385","targetHints":{"allow":["GET"]}}],"collection":[{"href":"https:\/\/agora.xtec.cat\/zer-les-salines\/wp-json\/wp\/v2\/posts"}],"about":[{"href":"https:\/\/agora.xtec.cat\/zer-les-salines\/wp-json\/wp\/v2\/types\/post"}],"author":[{"embeddable":true,"href":"https:\/\/agora.xtec.cat\/zer-les-salines\/wp-json\/wp\/v2\/users\/1"}],"replies":[{"embeddable":true,"href":"https:\/\/agora.xtec.cat\/zer-les-salines\/wp-json\/wp\/v2\/comments?post=1385"}],"version-history":[{"count":1,"href":"https:\/\/agora.xtec.cat\/zer-les-salines\/wp-json\/wp\/v2\/posts\/1385\/revisions"}],"predecessor-version":[{"id":1388,"href":"https:\/\/agora.xtec.cat\/zer-les-salines\/wp-json\/wp\/v2\/posts\/1385\/revisions\/1388"}],"wp:featuredmedia":[{"embeddable":true,"href":"https:\/\/agora.xtec.cat\/zer-les-salines\/wp-json\/wp\/v2\/media\/1387"}],"wp:attachment":[{"href":"https:\/\/agora.xtec.cat\/zer-les-salines\/wp-json\/wp\/v2\/media?parent=1385"}],"wp:term":[{"taxonomy":"category","embeddable":true,"href":"https:\/\/agora.xtec.cat\/zer-les-salines\/wp-json\/wp\/v2\/categories?post=1385"},{"taxonomy":"post_tag","embeddable":true,"href":"https:\/\/agora.xtec.cat\/zer-les-salines\/wp-json\/wp\/v2\/tags?post=1385"}],"curies":[{"name":"wp","href":"https:\/\/api.w.org\/{rel}","templated":true}]}}