{"id":1294,"date":"2020-03-31T10:39:00","date_gmt":"2020-03-31T08:39:00","guid":{"rendered":"http:\/\/agora.xtec.cat\/zer-les-salines\/?p=1294"},"modified":"2020-03-31T10:39:00","modified_gmt":"2020-03-31T08:39:00","slug":"emocions","status":"publish","type":"post","link":"https:\/\/agora.xtec.cat\/zer-les-salines\/portada\/emocions\/","title":{"rendered":"Emocions"},"content":{"rendered":"<p>Bon dia a tots i a totes!<\/p>\n<p>Us volem compartir dos escrits sobre el treball de les emocions durant el confinament. Cada escrit t\u00e9 enlla\u00e7ats alguns recursos amb jocs, din\u00e0miques, activitats, reflexions, etc. Esperem que en gaudiu!<\/p>\n<p>Escrit de <a href=\"https:\/\/docs.google.com\/document\/d\/1yrh7TkXrBFX3Z75CbDJRAfcZK7GETy5qMkR8p11Fb7g\/edit?usp=sharing\">&#8220;La Granja<\/a>&#8220;. Casa de col\u00f2nies on tots els seus tallers i estades giren entorn les emocions.<\/p>\n<p>Escrit del programa <a href=\"https:\/\/docs.google.com\/document\/d\/11A90l_avTphgosttdsxei02PTMXNV9y-QVsUHMFiI-M\/edit?usp=sharing\">Sigues tu<\/a>. Programa el qual la ZER est\u00e0 inscrita.<\/p>\n","protected":false},"excerpt":{"rendered":"<p>No deixem de banda les emocions!&hellip;  <a href=\"https:\/\/agora.xtec.cat\/zer-les-salines\/portada\/emocions\/\" title=\"Read Emocions\">Llegeix m\u00e9s\u00bb<\/a><\/p>\n","protected":false},"author":1,"featured_media":1300,"comment_status":"open","ping_status":"closed","sticky":false,"template":"","format":"standard","meta":{"_bbp_topic_count":0,"_bbp_reply_count":0,"_bbp_total_topic_count":0,"_bbp_total_reply_count":0,"_bbp_voice_count":0,"_bbp_anonymous_reply_count":0,"_bbp_topic_count_hidden":0,"_bbp_reply_count_hidden":0,"_bbp_forum_subforum_count":0,"footnotes":""},"categories":[227,29],"tags":[268,270,269],"class_list":["post-1294","post","type-post","status-publish","format-standard","has-post-thumbnail","hentry","category-families","category-portada","tag-emocions","tag-la-granja","tag-sigues-tu"],"post_mailing_queue_ids":[],"_links":{"self":[{"href":"https:\/\/agora.xtec.cat\/zer-les-salines\/wp-json\/wp\/v2\/posts\/1294","targetHints":{"allow":["GET"]}}],"collection":[{"href":"https:\/\/agora.xtec.cat\/zer-les-salines\/wp-json\/wp\/v2\/posts"}],"about":[{"href":"https:\/\/agora.xtec.cat\/zer-les-salines\/wp-json\/wp\/v2\/types\/post"}],"author":[{"embeddable":true,"href":"https:\/\/agora.xtec.cat\/zer-les-salines\/wp-json\/wp\/v2\/users\/1"}],"replies":[{"embeddable":true,"href":"https:\/\/agora.xtec.cat\/zer-les-salines\/wp-json\/wp\/v2\/comments?post=1294"}],"version-history":[{"count":1,"href":"https:\/\/agora.xtec.cat\/zer-les-salines\/wp-json\/wp\/v2\/posts\/1294\/revisions"}],"predecessor-version":[{"id":1302,"href":"https:\/\/agora.xtec.cat\/zer-les-salines\/wp-json\/wp\/v2\/posts\/1294\/revisions\/1302"}],"wp:featuredmedia":[{"embeddable":true,"href":"https:\/\/agora.xtec.cat\/zer-les-salines\/wp-json\/wp\/v2\/media\/1300"}],"wp:attachment":[{"href":"https:\/\/agora.xtec.cat\/zer-les-salines\/wp-json\/wp\/v2\/media?parent=1294"}],"wp:term":[{"taxonomy":"category","embeddable":true,"href":"https:\/\/agora.xtec.cat\/zer-les-salines\/wp-json\/wp\/v2\/categories?post=1294"},{"taxonomy":"post_tag","embeddable":true,"href":"https:\/\/agora.xtec.cat\/zer-les-salines\/wp-json\/wp\/v2\/tags?post=1294"}],"curies":[{"name":"wp","href":"https:\/\/api.w.org\/{rel}","templated":true}]}}