{"id":1187,"date":"2020-03-24T13:50:56","date_gmt":"2020-03-24T12:50:56","guid":{"rendered":"http:\/\/agora.xtec.cat\/zer-les-salines\/?p=1187"},"modified":"2020-03-24T13:51:19","modified_gmt":"2020-03-24T12:51:19","slug":"som-protagonistes-a-p3","status":"publish","type":"post","link":"https:\/\/agora.xtec.cat\/zer-les-salines\/general\/som-protagonistes-a-p3\/","title":{"rendered":"SOM PROTAGONISTES A P3"},"content":{"rendered":"<p>Com molt b\u00e9 sabeu el primer trimestre fem un projecte amb l&#8217;alumnat de <strong>P3<\/strong> que es diu <strong>El Protagonista de la Setmana<\/strong>.<\/p>\n<p>Aix\u00f2 fa que l&#8217;alumnat prengui el paper de protagonista, pugui explicar davant de la resta de companys i companyes les seves pr\u00f2pies viv\u00e8ncies a partir del seu conte preferit, la seva joguina preferida, el que m\u00e9s els hi agrda de menjar, la fam\u00edlia&#8230; Coses properes i personals que exliquen amb molta il\u00b7lusi\u00f3. Aix\u00f2 els ajuda a agafar confian\u00e7a i seguretat en un entorn nou per ells com \u00e9s en aquell moment l&#8217;escola. Tamb\u00e9 cal destacar el paper important\u00edssim de la fam\u00edlia ja que ajuda en l&#8217;elaboraci\u00f3 d&#8217;un llibret del protagonista amb fotografies i ve una tarda a l&#8217;escola a explicar-nos un conte, ho a fer-nos un taller o a explicar-nos un joc.<\/p>\n<p>La idea \u00e9s gaudir de la fam\u00edlia, del protagonista i de compartir una estona fam\u00edlia i escola.<\/p>\n<p>Passeu i en podreu veure les <a href=\"https:\/\/photos.app.goo.gl\/Czb1JWv71eaJJESd9\">imatges<\/a> \ud83d\ude42<\/p>\n","protected":false},"excerpt":{"rendered":"<p>El protagonista de la setmana a P3&hellip;  <a href=\"https:\/\/agora.xtec.cat\/zer-les-salines\/general\/som-protagonistes-a-p3\/\" title=\"Read SOM PROTAGONISTES A P3\">Llegeix m\u00e9s\u00bb<\/a><\/p>\n","protected":false},"author":1,"featured_media":1188,"comment_status":"open","ping_status":"closed","sticky":false,"template":"","format":"standard","meta":{"_bbp_topic_count":0,"_bbp_reply_count":0,"_bbp_total_topic_count":0,"_bbp_total_reply_count":0,"_bbp_voice_count":0,"_bbp_anonymous_reply_count":0,"_bbp_topic_count_hidden":0,"_bbp_reply_count_hidden":0,"_bbp_forum_subforum_count":0,"footnotes":""},"categories":[1],"tags":[],"class_list":["post-1187","post","type-post","status-publish","format-standard","has-post-thumbnail","hentry","category-general"],"post_mailing_queue_ids":[],"_links":{"self":[{"href":"https:\/\/agora.xtec.cat\/zer-les-salines\/wp-json\/wp\/v2\/posts\/1187","targetHints":{"allow":["GET"]}}],"collection":[{"href":"https:\/\/agora.xtec.cat\/zer-les-salines\/wp-json\/wp\/v2\/posts"}],"about":[{"href":"https:\/\/agora.xtec.cat\/zer-les-salines\/wp-json\/wp\/v2\/types\/post"}],"author":[{"embeddable":true,"href":"https:\/\/agora.xtec.cat\/zer-les-salines\/wp-json\/wp\/v2\/users\/1"}],"replies":[{"embeddable":true,"href":"https:\/\/agora.xtec.cat\/zer-les-salines\/wp-json\/wp\/v2\/comments?post=1187"}],"version-history":[{"count":1,"href":"https:\/\/agora.xtec.cat\/zer-les-salines\/wp-json\/wp\/v2\/posts\/1187\/revisions"}],"predecessor-version":[{"id":1189,"href":"https:\/\/agora.xtec.cat\/zer-les-salines\/wp-json\/wp\/v2\/posts\/1187\/revisions\/1189"}],"wp:featuredmedia":[{"embeddable":true,"href":"https:\/\/agora.xtec.cat\/zer-les-salines\/wp-json\/wp\/v2\/media\/1188"}],"wp:attachment":[{"href":"https:\/\/agora.xtec.cat\/zer-les-salines\/wp-json\/wp\/v2\/media?parent=1187"}],"wp:term":[{"taxonomy":"category","embeddable":true,"href":"https:\/\/agora.xtec.cat\/zer-les-salines\/wp-json\/wp\/v2\/categories?post=1187"},{"taxonomy":"post_tag","embeddable":true,"href":"https:\/\/agora.xtec.cat\/zer-les-salines\/wp-json\/wp\/v2\/tags?post=1187"}],"curies":[{"name":"wp","href":"https:\/\/api.w.org\/{rel}","templated":true}]}}