{"id":1184,"date":"2020-03-23T13:59:46","date_gmt":"2020-03-23T12:59:46","guid":{"rendered":"http:\/\/agora.xtec.cat\/zer-les-salines\/?p=1184"},"modified":"2020-03-23T13:59:46","modified_gmt":"2020-03-23T12:59:46","slug":"contes-i-mes-contes","status":"publish","type":"post","link":"https:\/\/agora.xtec.cat\/zer-les-salines\/portada\/contes-i-mes-contes\/","title":{"rendered":"Contes i m\u00e9s contes!"},"content":{"rendered":"<p><strong>Conte<\/strong><\/p>\n<p><em>Narraci\u00f3 generalment breu d\u2019uns fets llegendaris, ficticis o origin\u00e0riament reals, amb la intenci\u00f3 d\u2019entretenir, divertir, moralitzar, etc.<\/em><\/p>\n<p><strong>Sin\u00f2nims<\/strong>: narraci\u00f3, relaci\u00f3, relat, contalla, contarella, rondalla, faula, llegenda, ap\u00f2leg.<\/p>\n<p>Recordeu que podeu:<\/p>\n<ul>\n<li>Llegir contes, demanar als infants que ens els expliquin despr\u00e9s, que els acabin de forma diferent\u2026<\/li>\n<li>Triar una hist\u00f2ria o conte i representar-lo amb titelles o escenificant-lo.<\/li>\n<li>Inventar hist\u00f2ries, dibuixar-les, escriure qu\u00e8 hi passa (com ho vulguin escriure).<\/li>\n<\/ul>\n<p>Per altra banda, us deixem un seguit de p\u00e0gines web, activitats i contes, perqu\u00e8 pugueu fer en algun moment del dia:<\/p>\n<ol>\n<li><strong>Missi\u00f3 quedar-se a casa!<\/strong> El podeu imprimir i pintar o fer-lo vosaltres mateixos. Per totes i tots.\n<ol style=\"list-style-type: lower-alpha;\">\n<li><a href=\"https:\/\/82cc3e96-d0ab-4e18-a0c0-5bd7c21b2244.filesusr.com\/ugd\/b17e2e_3ec7ef667cef4fa39a3cb40713c7a63b.pdf\">Conte<\/a> en Catal\u00e0<\/li>\n<li><a href=\"https:\/\/82cc3e96-d0ab-4e18-a0c0-5bd7c21b2244.usrfiles.com\/ugd\/b17e2e_4f49889036fe46ce949586d9eb8bd827.pdf\">Conte<\/a> en Castell\u00e0<\/li>\n<li><a href=\"https:\/\/82cc3e96-d0ab-4e18-a0c0-5bd7c21b2244.usrfiles.com\/ugd\/b17e2e_a7c7b7602de84faa966782d76e19b9a4.pdf\">Conte<\/a> en angl\u00e8s<\/li>\n<\/ol>\n<\/li>\n<li><a href=\"https:\/\/www.ccma.cat\/tv3\/super3\/una-ma-de-contes\/\">Una m\u00e0 de contes<\/a>. P\u00e0gina web del super 3 on trobareu tot de contes. Per tots i totes<\/li>\n<li><a href=\"https:\/\/docs.google.com\/document\/d\/1zoATUyvd8LM424oyI2D6WEN5WctgunhOgFQqkuHm71g\/edit\">Un conte de confinament<\/a>. L&#8217;escola de Biure ha creat un document on proposen fer un conte en cadena. Per tots i totes<\/li>\n<\/ol>\n","protected":false},"excerpt":{"rendered":"<p>Conte<br \/>\nNarraci\u00f3 generalment breu d\u2019uns fets llegendaris, ficticis o origin\u00e0riament reals, amb la intenci\u00f3 d\u2019entretenir, divertir, moralitzar, etc.<br \/>\nSin\u00f2nims: narraci\u00f3, relaci\u00f3, relat, contalla, contarella, rondalla, faula, llegenda, ap\u00f2leg.<br \/>\nRecordeu que podeu:<\/p>\n<ul>\n<li>Llegir contes, demanar als infants que ens els expliquin despr\u00e9s, que els acabin de forma diferent\u2026<\/li>\n<li>Triar una hist\u00f2ria&hellip;  <a href=\"https:\/\/agora.xtec.cat\/zer-les-salines\/portada\/contes-i-mes-contes\/\" title=\"Read Contes i m\u00e9s contes!\">Llegeix m\u00e9s\u00bb<\/a><br \/>\n","protected":false},"author":1,"featured_media":1185,"comment_status":"open","ping_status":"closed","sticky":false,"template":"","format":"standard","meta":{"_bbp_topic_count":0,"_bbp_reply_count":0,"_bbp_total_topic_count":0,"_bbp_total_reply_count":0,"_bbp_voice_count":0,"_bbp_anonymous_reply_count":0,"_bbp_topic_count_hidden":0,"_bbp_reply_count_hidden":0,"_bbp_forum_subforum_count":0,"footnotes":""},"categories":[125,29],"tags":[256,198],"class_list":["post-1184","post","type-post","status-publish","format-standard","has-post-thumbnail","hentry","category-activitatszer","category-portada","tag-contes","tag-llengua"],"post_mailing_queue_ids":[],"_links":{"self":[{"href":"https:\/\/agora.xtec.cat\/zer-les-salines\/wp-json\/wp\/v2\/posts\/1184","targetHints":{"allow":["GET"]}}],"collection":[{"href":"https:\/\/agora.xtec.cat\/zer-les-salines\/wp-json\/wp\/v2\/posts"}],"about":[{"href":"https:\/\/agora.xtec.cat\/zer-les-salines\/wp-json\/wp\/v2\/types\/post"}],"author":[{"embeddable":true,"href":"https:\/\/agora.xtec.cat\/zer-les-salines\/wp-json\/wp\/v2\/users\/1"}],"replies":[{"embeddable":true,"href":"https:\/\/agora.xtec.cat\/zer-les-salines\/wp-json\/wp\/v2\/comments?post=1184"}],"version-history":[{"count":1,"href":"https:\/\/agora.xtec.cat\/zer-les-salines\/wp-json\/wp\/v2\/posts\/1184\/revisions"}],"predecessor-version":[{"id":1186,"href":"https:\/\/agora.xtec.cat\/zer-les-salines\/wp-json\/wp\/v2\/posts\/1184\/revisions\/1186"}],"wp:featuredmedia":[{"embeddable":true,"href":"https:\/\/agora.xtec.cat\/zer-les-salines\/wp-json\/wp\/v2\/media\/1185"}],"wp:attachment":[{"href":"https:\/\/agora.xtec.cat\/zer-les-salines\/wp-json\/wp\/v2\/media?parent=1184"}],"wp:term":[{"taxonomy":"category","embeddable":true,"href":"https:\/\/agora.xtec.cat\/zer-les-salines\/wp-json\/wp\/v2\/categories?post=1184"},{"taxonomy":"post_tag","embeddable":true,"href":"https:\/\/agora.xtec.cat\/zer-les-salines\/wp-json\/wp\/v2\/tags?post=1184"}],"curies":[{"name":"wp","href":"https:\/\/api.w.org\/{rel}","templated":true}]}}