{"id":1181,"date":"2020-03-23T13:36:46","date_gmt":"2020-03-23T12:36:46","guid":{"rendered":"http:\/\/agora.xtec.cat\/zer-les-salines\/?p=1181"},"modified":"2020-03-27T16:51:44","modified_gmt":"2020-03-27T15:51:44","slug":"educacio-artistica","status":"publish","type":"post","link":"https:\/\/agora.xtec.cat\/zer-les-salines\/portada\/educacio-artistica\/","title":{"rendered":"Educaci\u00f3 art\u00edstica"},"content":{"rendered":"<p>Us proposem unes activitats relacionades amb l&#8217;educaci\u00f3 art\u00edstica:<\/p>\n<ol>\n<li><a href=\"https:\/\/drive.google.com\/file\/d\/1_z5wB0hfTAj2VmDaOy07gP9LWZ1qcbex\/view?usp=sharing\">Una hist\u00f2ria dins del quadre<\/a>.<strong> CM\/CS<\/strong>. Si obriu l&#8217;enlla\u00e7 trobareu un document amb l&#8217;explicaci\u00f3 de l&#8217;activitat i tot de quadres ben curiosos&#8230;<\/li>\n<li><a href=\"http:\/\/recursostic.educacion.es\/primaria\/primartis\/web\/index.html\">Projecte Primartis<\/a>. <strong>Per totes i tots<\/strong>. P\u00e0gina web del Ministerio de Educaci\u00f3n on trobareu moltes activitats, tant de m\u00fasica com de pl\u00e0stica, dividides en 3 nivells.<\/li>\n<li>Activitats de m\u00fasica:\n<ol style=\"list-style-type: lower-alpha;\">\n<li><a href=\"https:\/\/musiclab.chromeexperiments.com\/Experiments\">Laboratori<\/a> per experimentar amb el so i la m\u00fasica. <strong>Per tots i totes<\/strong>.<\/li>\n<li><a href=\"https:\/\/www.smore.com\/r0ptv\">Enigmes musicals<\/a>. Una can\u00e7\u00f3 i un enigma musical cada dia. Subscripci\u00f3 gratu\u00efta mitjan\u00e7ant correu electr\u00f2nic. <strong>Per tots i totes.<\/strong><\/li>\n<li><a href=\"https:\/\/sites.google.com\/site\/personalantonimiralpeix\/la-claudia-sol-te-un-do\">Cantata<\/a>, la Cl\u00e0udia sol t\u00e9 un do.<strong> CS.<\/strong><\/li>\n<li><a href=\"https:\/\/aprendomusica.com\/\">Jocs musicals<\/a>. <strong>Prim\u00e0ria.<\/strong> Jocs que s&#8217;han fet a la classe de m\u00fasica.<\/li>\n<li><a href=\"https:\/\/www.youtube.com\/watch?v=PU6HZp0EKpo\">Glosadors<\/a>. <strong>CS.<\/strong> Documental sobre la glosa als Pa\u00efsos Catalans.<\/li>\n<li><a href=\"https:\/\/www.incredibox.com\/\">Aplicaci\u00f3<\/a> (App). Amb la tauleta o el m\u00f2bils podreu crear bases r\u00edtmiques.\u00a0<strong>Per totes i tots.<\/strong><\/li>\n<\/ol>\n<\/li>\n<\/ol>\n","protected":false},"excerpt":{"rendered":"<p>Actitivats de m\u00fasica i pl\u00e0stica!&hellip;  <a href=\"https:\/\/agora.xtec.cat\/zer-les-salines\/portada\/educacio-artistica\/\" title=\"Read Educaci\u00f3 art\u00edstica\">Llegeix m\u00e9s\u00bb<\/a><\/p>\n","protected":false},"author":1,"featured_media":1182,"comment_status":"open","ping_status":"closed","sticky":false,"template":"","format":"standard","meta":{"_bbp_topic_count":0,"_bbp_reply_count":0,"_bbp_total_topic_count":0,"_bbp_total_reply_count":0,"_bbp_voice_count":0,"_bbp_anonymous_reply_count":0,"_bbp_topic_count_hidden":0,"_bbp_reply_count_hidden":0,"_bbp_forum_subforum_count":0,"footnotes":""},"categories":[121,29],"tags":[244,247,255],"class_list":["post-1181","post","type-post","status-publish","format-standard","has-post-thumbnail","hentry","category-ea","category-portada","tag-educacio-artistica","tag-musica","tag-plastica"],"post_mailing_queue_ids":[],"_links":{"self":[{"href":"https:\/\/agora.xtec.cat\/zer-les-salines\/wp-json\/wp\/v2\/posts\/1181","targetHints":{"allow":["GET"]}}],"collection":[{"href":"https:\/\/agora.xtec.cat\/zer-les-salines\/wp-json\/wp\/v2\/posts"}],"about":[{"href":"https:\/\/agora.xtec.cat\/zer-les-salines\/wp-json\/wp\/v2\/types\/post"}],"author":[{"embeddable":true,"href":"https:\/\/agora.xtec.cat\/zer-les-salines\/wp-json\/wp\/v2\/users\/1"}],"replies":[{"embeddable":true,"href":"https:\/\/agora.xtec.cat\/zer-les-salines\/wp-json\/wp\/v2\/comments?post=1181"}],"version-history":[{"count":2,"href":"https:\/\/agora.xtec.cat\/zer-les-salines\/wp-json\/wp\/v2\/posts\/1181\/revisions"}],"predecessor-version":[{"id":1203,"href":"https:\/\/agora.xtec.cat\/zer-les-salines\/wp-json\/wp\/v2\/posts\/1181\/revisions\/1203"}],"wp:featuredmedia":[{"embeddable":true,"href":"https:\/\/agora.xtec.cat\/zer-les-salines\/wp-json\/wp\/v2\/media\/1182"}],"wp:attachment":[{"href":"https:\/\/agora.xtec.cat\/zer-les-salines\/wp-json\/wp\/v2\/media?parent=1181"}],"wp:term":[{"taxonomy":"category","embeddable":true,"href":"https:\/\/agora.xtec.cat\/zer-les-salines\/wp-json\/wp\/v2\/categories?post=1181"},{"taxonomy":"post_tag","embeddable":true,"href":"https:\/\/agora.xtec.cat\/zer-les-salines\/wp-json\/wp\/v2\/tags?post=1181"}],"curies":[{"name":"wp","href":"https:\/\/api.w.org\/{rel}","templated":true}]}}