{"id":1177,"date":"2020-03-23T10:48:05","date_gmt":"2020-03-23T09:48:05","guid":{"rendered":"http:\/\/agora.xtec.cat\/zer-les-salines\/?p=1177"},"modified":"2020-03-23T10:49:04","modified_gmt":"2020-03-23T09:49:04","slug":"la-castanyada-a-lescola","status":"publish","type":"post","link":"https:\/\/agora.xtec.cat\/zer-les-salines\/general\/la-castanyada-a-lescola\/","title":{"rendered":"LA CASTANYADA A L&#8217;ESCOLA"},"content":{"rendered":"<p>Com molt b\u00e9 sabeu cada any per la castanyada pugem a la Vajol a buscar castanyes i ens hi quedem tots i totes a esmorzar. Aquest any vam tenir un imprevist i ens va ploure. En acabar de fer la ruta vam baixar amb l&#8217;autocar cap a l&#8217;escola. Va ser tota una aventura!!!!!<\/p>\n<p>Vam fer panellets per grups de padrines\/padrins i fillols\/filloles el divendres al mat\u00ed. A la tarda l&#8217;AMPA va coure castanyes i vam menjar-nos-les tots i totes junts amb les fam\u00edlies. Tamb\u00e9 en va participar l&#8217;alumnat de la Llar d&#8217;Infants Ballmanetes i les corresponents fam\u00edlies. A part de menjar castanyes vam jugar plegats i plegades a jocs de cucanya!<\/p>\n<p>&nbsp;<\/p>\n<p>Passeu, passeu que en veureu les <a href=\"https:\/\/photos.app.goo.gl\/2FqbmDyivc1aNXAk8\">imatges<\/a> \ud83d\ude42<\/p>\n","protected":false},"excerpt":{"rendered":"<p>La Castanyada a l&#8217;escola!&hellip;  <a href=\"https:\/\/agora.xtec.cat\/zer-les-salines\/general\/la-castanyada-a-lescola\/\" title=\"Read LA CASTANYADA A L&#8217;ESCOLA\">Llegeix m\u00e9s\u00bb<\/a><\/p>\n","protected":false},"author":1,"featured_media":1178,"comment_status":"open","ping_status":"closed","sticky":false,"template":"","format":"standard","meta":{"_bbp_topic_count":0,"_bbp_reply_count":0,"_bbp_total_topic_count":0,"_bbp_total_reply_count":0,"_bbp_voice_count":0,"_bbp_anonymous_reply_count":0,"_bbp_topic_count_hidden":0,"_bbp_reply_count_hidden":0,"_bbp_forum_subforum_count":0,"footnotes":""},"categories":[1],"tags":[],"class_list":["post-1177","post","type-post","status-publish","format-standard","has-post-thumbnail","hentry","category-general"],"post_mailing_queue_ids":[],"_links":{"self":[{"href":"https:\/\/agora.xtec.cat\/zer-les-salines\/wp-json\/wp\/v2\/posts\/1177","targetHints":{"allow":["GET"]}}],"collection":[{"href":"https:\/\/agora.xtec.cat\/zer-les-salines\/wp-json\/wp\/v2\/posts"}],"about":[{"href":"https:\/\/agora.xtec.cat\/zer-les-salines\/wp-json\/wp\/v2\/types\/post"}],"author":[{"embeddable":true,"href":"https:\/\/agora.xtec.cat\/zer-les-salines\/wp-json\/wp\/v2\/users\/1"}],"replies":[{"embeddable":true,"href":"https:\/\/agora.xtec.cat\/zer-les-salines\/wp-json\/wp\/v2\/comments?post=1177"}],"version-history":[{"count":1,"href":"https:\/\/agora.xtec.cat\/zer-les-salines\/wp-json\/wp\/v2\/posts\/1177\/revisions"}],"predecessor-version":[{"id":1179,"href":"https:\/\/agora.xtec.cat\/zer-les-salines\/wp-json\/wp\/v2\/posts\/1177\/revisions\/1179"}],"wp:featuredmedia":[{"embeddable":true,"href":"https:\/\/agora.xtec.cat\/zer-les-salines\/wp-json\/wp\/v2\/media\/1178"}],"wp:attachment":[{"href":"https:\/\/agora.xtec.cat\/zer-les-salines\/wp-json\/wp\/v2\/media?parent=1177"}],"wp:term":[{"taxonomy":"category","embeddable":true,"href":"https:\/\/agora.xtec.cat\/zer-les-salines\/wp-json\/wp\/v2\/categories?post=1177"},{"taxonomy":"post_tag","embeddable":true,"href":"https:\/\/agora.xtec.cat\/zer-les-salines\/wp-json\/wp\/v2\/tags?post=1177"}],"curies":[{"name":"wp","href":"https:\/\/api.w.org\/{rel}","templated":true}]}}