{"id":1173,"date":"2020-03-22T12:49:21","date_gmt":"2020-03-22T11:49:21","guid":{"rendered":"http:\/\/agora.xtec.cat\/zer-les-salines\/?p=1173"},"modified":"2020-03-22T13:02:47","modified_gmt":"2020-03-22T12:02:47","slug":"el-carnaval-i-la-xuia-a-agullana","status":"publish","type":"post","link":"https:\/\/agora.xtec.cat\/zer-les-salines\/general\/el-carnaval-i-la-xuia-a-agullana\/","title":{"rendered":"EL CARNAVAL I LA XUIA A AGULLANA"},"content":{"rendered":"<p>Aqu\u00ed us deixem un recull del que va ser la setmana de Carnestoltes i la Xuia a l&#8217;escola.<\/p>\n<p>El <strong>Dijous Gras<\/strong> total l&#8217;escola vam ana d&#8217;excursi\u00f3 al <strong>Mas Perx\u00e9s.<\/strong> Despr\u00e9s vam dinar plegats al pati de l&#8217;escola botifarres, que ens van coure l&#8217;alumnat de sis\u00e8, i de postre coca de llardons. Tamb\u00e9 va arribar el Rei Titus el mateix dijous i ens va portar les consignes. Durant els tres dies seg\u00fcents vam portar el que el Rei Titus ens va encomanar i el <strong>Dimecres de Cendra<\/strong> vam anar a enterrar la sardina. Aquesta mateixa setmana vam fer tallers a les tardes amb padrins\/padrines i filloles\/fillols per preparar la rua del dissabte de la Xuia. La tem\u00e0tica era l&#8217;ESPORT i vam preparara banderes, torxes, medalles i un photocall.<\/p>\n<p>Dissabte vam quedar tot l&#8217;alumnat, les fam\u00edlies i els i les mestres i es va fer una rua pel poble.<\/p>\n<p>&nbsp;<\/p>\n<p>Va ser molt i molt xulo&#8230; aqu\u00ed podeu veure les <a href=\"https:\/\/photos.app.goo.gl\/fjvhXTmzvfK1HCB89\">fotos<\/a><\/p>\n<p>\ud83d\ude42<\/p>\n","protected":false},"excerpt":{"rendered":"<p>El Carnestoltes i la Xuia 2020 a Agullana!&hellip;  <a href=\"https:\/\/agora.xtec.cat\/zer-les-salines\/general\/el-carnaval-i-la-xuia-a-agullana\/\" title=\"Read EL CARNAVAL I LA XUIA A AGULLANA\">Llegeix m\u00e9s\u00bb<\/a><\/p>\n","protected":false},"author":1,"featured_media":1174,"comment_status":"open","ping_status":"closed","sticky":false,"template":"","format":"standard","meta":{"_bbp_topic_count":0,"_bbp_reply_count":0,"_bbp_total_topic_count":0,"_bbp_total_reply_count":0,"_bbp_voice_count":0,"_bbp_anonymous_reply_count":0,"_bbp_topic_count_hidden":0,"_bbp_reply_count_hidden":0,"_bbp_forum_subforum_count":0,"footnotes":""},"categories":[1],"tags":[],"class_list":["post-1173","post","type-post","status-publish","format-standard","has-post-thumbnail","hentry","category-general"],"post_mailing_queue_ids":[],"_links":{"self":[{"href":"https:\/\/agora.xtec.cat\/zer-les-salines\/wp-json\/wp\/v2\/posts\/1173","targetHints":{"allow":["GET"]}}],"collection":[{"href":"https:\/\/agora.xtec.cat\/zer-les-salines\/wp-json\/wp\/v2\/posts"}],"about":[{"href":"https:\/\/agora.xtec.cat\/zer-les-salines\/wp-json\/wp\/v2\/types\/post"}],"author":[{"embeddable":true,"href":"https:\/\/agora.xtec.cat\/zer-les-salines\/wp-json\/wp\/v2\/users\/1"}],"replies":[{"embeddable":true,"href":"https:\/\/agora.xtec.cat\/zer-les-salines\/wp-json\/wp\/v2\/comments?post=1173"}],"version-history":[{"count":2,"href":"https:\/\/agora.xtec.cat\/zer-les-salines\/wp-json\/wp\/v2\/posts\/1173\/revisions"}],"predecessor-version":[{"id":1176,"href":"https:\/\/agora.xtec.cat\/zer-les-salines\/wp-json\/wp\/v2\/posts\/1173\/revisions\/1176"}],"wp:featuredmedia":[{"embeddable":true,"href":"https:\/\/agora.xtec.cat\/zer-les-salines\/wp-json\/wp\/v2\/media\/1174"}],"wp:attachment":[{"href":"https:\/\/agora.xtec.cat\/zer-les-salines\/wp-json\/wp\/v2\/media?parent=1173"}],"wp:term":[{"taxonomy":"category","embeddable":true,"href":"https:\/\/agora.xtec.cat\/zer-les-salines\/wp-json\/wp\/v2\/categories?post=1173"},{"taxonomy":"post_tag","embeddable":true,"href":"https:\/\/agora.xtec.cat\/zer-les-salines\/wp-json\/wp\/v2\/tags?post=1173"}],"curies":[{"name":"wp","href":"https:\/\/api.w.org\/{rel}","templated":true}]}}