{"id":1170,"date":"2020-03-22T11:31:51","date_gmt":"2020-03-22T10:31:51","guid":{"rendered":"http:\/\/agora.xtec.cat\/zer-les-salines\/?p=1170"},"modified":"2020-03-22T11:31:51","modified_gmt":"2020-03-22T10:31:51","slug":"projecte-dels-coets","status":"publish","type":"post","link":"https:\/\/agora.xtec.cat\/zer-les-salines\/general\/projecte-dels-coets\/","title":{"rendered":"PROJECTE DELS COETS"},"content":{"rendered":"<p>Aquest segon trimestre hem fet el projecte dels coets!<\/p>\n<p>Iniciem el projecte amb curiositats que tenen les\u00a0nenes i nens. De totes les curiositats, en trien una o dues, en aquest cas van ser <strong><em>COM VOLEN ELS COETS?<\/em><\/strong> i <strong><em>COM VIUEN ELS I LES ASTRONAUTES DINS EL COET? <\/em><\/strong>De cada pregunta se&#8217;n fan hip\u00f2tesis de com deuen volar i com deuen viure i ho anem resolent fent diferents comprovacions a partir de contrastar informaci\u00f3, fer experiments, busca v\u00eddeos&#8230;. Finalment, validem les hip\u00f2tesis i en treiem les conclusions.<\/p>\n<p>A part de tot aix\u00f2, als espais de descoberta on fem activitats espec\u00edfiques de llengua, matem\u00e0tiques i experiments els anem relacionant amb el projecte (bingo de coets, parts del coet i de l&#8217;astronauta, paraules de l&#8217;espai, pesar elements de l&#8217;espai, seriacions amb coets, crear un coet amb figures geom\u00e8triques, fer una not\u00edcia sobre l&#8217;arribada a la lluna, dibuixar \u00f2rbites al voltant d&#8217;un planeta).<\/p>\n<p>A psicomotricitat vam crear coets amb diferents materials.<\/p>\n<p>Tamb\u00e9 vam dedicar estones a crear la nostra porta de l&#8217;aula.<\/p>\n<p>La Gemma i jo ens ho vam agafar molt en &#8220;seriu&#8221; i ens vam vestir d&#8217;astronautes, vam agafar un coet i ens en vam anar fins a la lluna \ud83d\ude09<\/p>\n<p>No ens avorrim&#8230;.. passeu i en podeu veure les <a href=\"https:\/\/photos.app.goo.gl\/kus4n5Rssnzu51hv6\">imatges<\/a><\/p>\n","protected":false},"excerpt":{"rendered":"<p>Projecte dels coets! Fent volar la imaginaci\u00f3!&hellip;  <a href=\"https:\/\/agora.xtec.cat\/zer-les-salines\/general\/projecte-dels-coets\/\" title=\"Read PROJECTE DELS COETS\">Llegeix m\u00e9s\u00bb<\/a><\/p>\n","protected":false},"author":1,"featured_media":1171,"comment_status":"open","ping_status":"closed","sticky":false,"template":"","format":"standard","meta":{"_bbp_topic_count":0,"_bbp_reply_count":0,"_bbp_total_topic_count":0,"_bbp_total_reply_count":0,"_bbp_voice_count":0,"_bbp_anonymous_reply_count":0,"_bbp_topic_count_hidden":0,"_bbp_reply_count_hidden":0,"_bbp_forum_subforum_count":0,"footnotes":""},"categories":[1],"tags":[],"class_list":["post-1170","post","type-post","status-publish","format-standard","has-post-thumbnail","hentry","category-general"],"post_mailing_queue_ids":[],"_links":{"self":[{"href":"https:\/\/agora.xtec.cat\/zer-les-salines\/wp-json\/wp\/v2\/posts\/1170","targetHints":{"allow":["GET"]}}],"collection":[{"href":"https:\/\/agora.xtec.cat\/zer-les-salines\/wp-json\/wp\/v2\/posts"}],"about":[{"href":"https:\/\/agora.xtec.cat\/zer-les-salines\/wp-json\/wp\/v2\/types\/post"}],"author":[{"embeddable":true,"href":"https:\/\/agora.xtec.cat\/zer-les-salines\/wp-json\/wp\/v2\/users\/1"}],"replies":[{"embeddable":true,"href":"https:\/\/agora.xtec.cat\/zer-les-salines\/wp-json\/wp\/v2\/comments?post=1170"}],"version-history":[{"count":1,"href":"https:\/\/agora.xtec.cat\/zer-les-salines\/wp-json\/wp\/v2\/posts\/1170\/revisions"}],"predecessor-version":[{"id":1172,"href":"https:\/\/agora.xtec.cat\/zer-les-salines\/wp-json\/wp\/v2\/posts\/1170\/revisions\/1172"}],"wp:featuredmedia":[{"embeddable":true,"href":"https:\/\/agora.xtec.cat\/zer-les-salines\/wp-json\/wp\/v2\/media\/1171"}],"wp:attachment":[{"href":"https:\/\/agora.xtec.cat\/zer-les-salines\/wp-json\/wp\/v2\/media?parent=1170"}],"wp:term":[{"taxonomy":"category","embeddable":true,"href":"https:\/\/agora.xtec.cat\/zer-les-salines\/wp-json\/wp\/v2\/categories?post=1170"},{"taxonomy":"post_tag","embeddable":true,"href":"https:\/\/agora.xtec.cat\/zer-les-salines\/wp-json\/wp\/v2\/tags?post=1170"}],"curies":[{"name":"wp","href":"https:\/\/api.w.org\/{rel}","templated":true}]}}