{"id":1166,"date":"2020-03-22T11:05:43","date_gmt":"2020-03-22T10:05:43","guid":{"rendered":"http:\/\/agora.xtec.cat\/zer-les-salines\/?p=1166"},"modified":"2020-03-22T11:09:44","modified_gmt":"2020-03-22T10:09:44","slug":"som-pur-moviment-psicomotricitat","status":"publish","type":"post","link":"https:\/\/agora.xtec.cat\/zer-les-salines\/general\/som-pur-moviment-psicomotricitat\/","title":{"rendered":"Som pur moviment! Psicomotricitat!"},"content":{"rendered":"<p>A educaci\u00f3 infantil fem psicomotricitat. La psico ens ajuda a prendre consci\u00e8ncia del propi cos, a anar desenvolupant la presici\u00f3 de moviments, a \u00a0saber moure&#8217;ns per l&#8217;espai i a definir la lateralitat. I tot aix\u00f2, gaudint al m\u00e0xim del joc i el moviment!<\/p>\n<p>A cada sessi\u00f3 ens trobem en rotllana, ens saludem, recordem les normes i expliquem el que es far\u00e0 a la sessi\u00f3. Seguim amb una activitat per activar-nos, despr\u00e9s es fan les activitats pertinents a la sessi\u00f3, es recull el material utilizat i es fan 5&#8242; de relaxaci\u00f3.<\/p>\n<p>Aqu\u00ed teniu les <a href=\"https:\/\/photos.app.goo.gl\/u9STkRqTGsbyDhHT9\">imatges<\/a>&#8230;. \ud83d\ude09<\/p>\n<p>&nbsp;<\/p>\n","protected":false},"excerpt":{"rendered":"<p>El joc i el moviment son part del nostre dia a dia! La psicomotricitat ens ajuda molt!&hellip;  <a href=\"https:\/\/agora.xtec.cat\/zer-les-salines\/general\/som-pur-moviment-psicomotricitat\/\" title=\"Read Som pur moviment! Psicomotricitat!\">Llegeix m\u00e9s\u00bb<\/a><\/p>\n","protected":false},"author":1,"featured_media":1167,"comment_status":"open","ping_status":"closed","sticky":false,"template":"","format":"standard","meta":{"_bbp_topic_count":0,"_bbp_reply_count":0,"_bbp_total_topic_count":0,"_bbp_total_reply_count":0,"_bbp_voice_count":0,"_bbp_anonymous_reply_count":0,"_bbp_topic_count_hidden":0,"_bbp_reply_count_hidden":0,"_bbp_forum_subforum_count":0,"footnotes":""},"categories":[1],"tags":[],"class_list":["post-1166","post","type-post","status-publish","format-standard","has-post-thumbnail","hentry","category-general"],"post_mailing_queue_ids":[],"_links":{"self":[{"href":"https:\/\/agora.xtec.cat\/zer-les-salines\/wp-json\/wp\/v2\/posts\/1166","targetHints":{"allow":["GET"]}}],"collection":[{"href":"https:\/\/agora.xtec.cat\/zer-les-salines\/wp-json\/wp\/v2\/posts"}],"about":[{"href":"https:\/\/agora.xtec.cat\/zer-les-salines\/wp-json\/wp\/v2\/types\/post"}],"author":[{"embeddable":true,"href":"https:\/\/agora.xtec.cat\/zer-les-salines\/wp-json\/wp\/v2\/users\/1"}],"replies":[{"embeddable":true,"href":"https:\/\/agora.xtec.cat\/zer-les-salines\/wp-json\/wp\/v2\/comments?post=1166"}],"version-history":[{"count":2,"href":"https:\/\/agora.xtec.cat\/zer-les-salines\/wp-json\/wp\/v2\/posts\/1166\/revisions"}],"predecessor-version":[{"id":1169,"href":"https:\/\/agora.xtec.cat\/zer-les-salines\/wp-json\/wp\/v2\/posts\/1166\/revisions\/1169"}],"wp:featuredmedia":[{"embeddable":true,"href":"https:\/\/agora.xtec.cat\/zer-les-salines\/wp-json\/wp\/v2\/media\/1167"}],"wp:attachment":[{"href":"https:\/\/agora.xtec.cat\/zer-les-salines\/wp-json\/wp\/v2\/media?parent=1166"}],"wp:term":[{"taxonomy":"category","embeddable":true,"href":"https:\/\/agora.xtec.cat\/zer-les-salines\/wp-json\/wp\/v2\/categories?post=1166"},{"taxonomy":"post_tag","embeddable":true,"href":"https:\/\/agora.xtec.cat\/zer-les-salines\/wp-json\/wp\/v2\/tags?post=1166"}],"curies":[{"name":"wp","href":"https:\/\/api.w.org\/{rel}","templated":true}]}}