{"id":1148,"date":"2020-03-19T11:04:17","date_gmt":"2020-03-19T10:04:17","guid":{"rendered":"http:\/\/agora.xtec.cat\/zer-les-salines\/?p=1148"},"modified":"2020-03-19T11:04:17","modified_gmt":"2020-03-19T10:04:17","slug":"80-recursos-educatius-per-fer-a-casa","status":"publish","type":"post","link":"https:\/\/agora.xtec.cat\/zer-les-salines\/portada\/80-recursos-educatius-per-fer-a-casa\/","title":{"rendered":"80 recursos educatius per fer a casa!"},"content":{"rendered":"<p>La Nati Bergad\u00e0, mestra i psicopedag\u00f2ga, d&#8217;una altra escola t\u00e9 un blog on ens ha compartit aquests recursos educatius, perqu\u00e8 pugueu seguir aprenent des de casa!<\/p>\n<p>Animeu-vos! N&#8217;hi ha per tots i per totes, des dels m\u00e9s petits fins als m\u00e9s grans.<\/p>\n<p><a href=\"https:\/\/natibergada.cat\/recursos-educatius-per-aprendre-des-de-casa\">80 recursos educatius per fer a casa<\/a><\/p>\n","protected":false},"excerpt":{"rendered":"<p>La Nati Bergad\u00e0, mestra i psicopedag\u00f2ga, d&#8217;una altra escola t\u00e9 un blog on ens ha compartit aquests recursos educatius, perqu\u00e8 pugueu seguir aprenent des de casa!<br \/>\nAnimeu-vos! N&#8217;hi ha per tots i per totes, des dels m\u00e9s petits fins als m\u00e9s grans.<br \/>\n<a href=\"https:\/\/natibergada.cat\/recursos-educatius-per-aprendre-des-de-casa\">80 recursos educatius per&hellip;  <a href=\"https:\/\/agora.xtec.cat\/zer-les-salines\/portada\/80-recursos-educatius-per-fer-a-casa\/\" title=\"Read 80 recursos educatius per fer a casa!\">Llegeix m\u00e9s\u00bb<\/a><\/p>\n","protected":false},"author":1,"featured_media":1149,"comment_status":"open","ping_status":"closed","sticky":false,"template":"","format":"standard","meta":{"_bbp_topic_count":0,"_bbp_reply_count":0,"_bbp_total_topic_count":0,"_bbp_total_reply_count":0,"_bbp_voice_count":0,"_bbp_anonymous_reply_count":0,"_bbp_topic_count_hidden":0,"_bbp_reply_count_hidden":0,"_bbp_forum_subforum_count":0,"footnotes":""},"categories":[227,29],"tags":[],"class_list":["post-1148","post","type-post","status-publish","format-standard","has-post-thumbnail","hentry","category-families","category-portada"],"post_mailing_queue_ids":[],"_links":{"self":[{"href":"https:\/\/agora.xtec.cat\/zer-les-salines\/wp-json\/wp\/v2\/posts\/1148","targetHints":{"allow":["GET"]}}],"collection":[{"href":"https:\/\/agora.xtec.cat\/zer-les-salines\/wp-json\/wp\/v2\/posts"}],"about":[{"href":"https:\/\/agora.xtec.cat\/zer-les-salines\/wp-json\/wp\/v2\/types\/post"}],"author":[{"embeddable":true,"href":"https:\/\/agora.xtec.cat\/zer-les-salines\/wp-json\/wp\/v2\/users\/1"}],"replies":[{"embeddable":true,"href":"https:\/\/agora.xtec.cat\/zer-les-salines\/wp-json\/wp\/v2\/comments?post=1148"}],"version-history":[{"count":1,"href":"https:\/\/agora.xtec.cat\/zer-les-salines\/wp-json\/wp\/v2\/posts\/1148\/revisions"}],"predecessor-version":[{"id":1150,"href":"https:\/\/agora.xtec.cat\/zer-les-salines\/wp-json\/wp\/v2\/posts\/1148\/revisions\/1150"}],"wp:featuredmedia":[{"embeddable":true,"href":"https:\/\/agora.xtec.cat\/zer-les-salines\/wp-json\/wp\/v2\/media\/1149"}],"wp:attachment":[{"href":"https:\/\/agora.xtec.cat\/zer-les-salines\/wp-json\/wp\/v2\/media?parent=1148"}],"wp:term":[{"taxonomy":"category","embeddable":true,"href":"https:\/\/agora.xtec.cat\/zer-les-salines\/wp-json\/wp\/v2\/categories?post=1148"},{"taxonomy":"post_tag","embeddable":true,"href":"https:\/\/agora.xtec.cat\/zer-les-salines\/wp-json\/wp\/v2\/tags?post=1148"}],"curies":[{"name":"wp","href":"https:\/\/api.w.org\/{rel}","templated":true}]}}