{"id":1116,"date":"2020-03-12T14:16:09","date_gmt":"2020-03-12T13:16:09","guid":{"rendered":"http:\/\/agora.xtec.cat\/zer-les-salines\/?p=1116"},"modified":"2020-03-12T14:16:09","modified_gmt":"2020-03-12T13:16:09","slug":"tancament-de-centres-escolars","status":"publish","type":"post","link":"https:\/\/agora.xtec.cat\/zer-les-salines\/portada\/tancament-de-centres-escolars\/","title":{"rendered":"Tancament de centres escolars"},"content":{"rendered":"<p>Benvolgudes fam\u00edlies,<\/p>\n<p>El Departament d\u2019Educaci\u00f3, seguint instruccions del Departament de Salut i com a\u00a0 mesura excepcional per contenir el coronavirus, ha pres la decisi\u00f3 de tancar a partir de dem\u00e0, divendres, 13 de mar\u00e7, tots els centres\u00a0educatius\u00a0del pa\u00eds\u00a0i, per tant, han quedat suspeses les classes en horari lectiu i les activitats extraescolars.\u00a0<u><\/u><u><\/u><\/p>\n<p>Aquesta mesura, en principi, t\u00e9 prevista una durada inicial de 14 dies per\u00f2 prestarem atenci\u00f3 a les instruccions del Departament de Salut i a l\u2019evoluci\u00f3 de la situaci\u00f3.<\/p>\n","protected":false},"excerpt":{"rendered":"<p>Benvolgudes fam\u00edlies,<br \/>\nEl Departament d\u2019Educaci\u00f3, seguint instruccions del Departament de Salut i com a\u00a0 mesura excepcional per contenir el coronavirus, ha pres la decisi\u00f3 de tancar a partir de dem\u00e0, divendres, 13 de mar\u00e7, tots els centres\u00a0educatius\u00a0del pa\u00eds\u00a0i, per tant, han quedat suspeses les classes en&hellip;  <a href=\"https:\/\/agora.xtec.cat\/zer-les-salines\/portada\/tancament-de-centres-escolars\/\" title=\"Read Tancament de centres escolars\">Llegeix m\u00e9s\u00bb<\/a><\/p>\n","protected":false},"author":1,"featured_media":0,"comment_status":"open","ping_status":"closed","sticky":false,"template":"","format":"standard","meta":{"_bbp_topic_count":0,"_bbp_reply_count":0,"_bbp_total_topic_count":0,"_bbp_total_reply_count":0,"_bbp_voice_count":0,"_bbp_anonymous_reply_count":0,"_bbp_topic_count_hidden":0,"_bbp_reply_count_hidden":0,"_bbp_forum_subforum_count":0,"footnotes":""},"categories":[227,29],"tags":[],"class_list":["post-1116","post","type-post","status-publish","format-standard","hentry","category-families","category-portada"],"post_mailing_queue_ids":[],"_links":{"self":[{"href":"https:\/\/agora.xtec.cat\/zer-les-salines\/wp-json\/wp\/v2\/posts\/1116","targetHints":{"allow":["GET"]}}],"collection":[{"href":"https:\/\/agora.xtec.cat\/zer-les-salines\/wp-json\/wp\/v2\/posts"}],"about":[{"href":"https:\/\/agora.xtec.cat\/zer-les-salines\/wp-json\/wp\/v2\/types\/post"}],"author":[{"embeddable":true,"href":"https:\/\/agora.xtec.cat\/zer-les-salines\/wp-json\/wp\/v2\/users\/1"}],"replies":[{"embeddable":true,"href":"https:\/\/agora.xtec.cat\/zer-les-salines\/wp-json\/wp\/v2\/comments?post=1116"}],"version-history":[{"count":1,"href":"https:\/\/agora.xtec.cat\/zer-les-salines\/wp-json\/wp\/v2\/posts\/1116\/revisions"}],"predecessor-version":[{"id":1117,"href":"https:\/\/agora.xtec.cat\/zer-les-salines\/wp-json\/wp\/v2\/posts\/1116\/revisions\/1117"}],"wp:attachment":[{"href":"https:\/\/agora.xtec.cat\/zer-les-salines\/wp-json\/wp\/v2\/media?parent=1116"}],"wp:term":[{"taxonomy":"category","embeddable":true,"href":"https:\/\/agora.xtec.cat\/zer-les-salines\/wp-json\/wp\/v2\/categories?post=1116"},{"taxonomy":"post_tag","embeddable":true,"href":"https:\/\/agora.xtec.cat\/zer-les-salines\/wp-json\/wp\/v2\/tags?post=1116"}],"curies":[{"name":"wp","href":"https:\/\/api.w.org\/{rel}","templated":true}]}}