{"id":1106,"date":"2020-02-24T18:49:54","date_gmt":"2020-02-24T17:49:54","guid":{"rendered":"http:\/\/agora.xtec.cat\/zer-les-salines\/?p=1106"},"modified":"2020-02-24T18:56:33","modified_gmt":"2020-02-24T17:56:33","slug":"suport-vital-basic-2","status":"publish","type":"post","link":"https:\/\/agora.xtec.cat\/zer-les-salines\/general\/suport-vital-basic-2\/","title":{"rendered":"Suport Vital B\u00e0sic"},"content":{"rendered":"<p>Benvolguts i benvolgudes,<\/p>\n<p>Un curs m\u00e9s hem apr\u00e8s i practicat una mica m\u00e9s el suport vital b\u00e0sic.<\/p>\n<p>A educaci\u00f3 infantil i cicle inicial en format conte (el conte d&#8217;en Quirc i la Kira), a cicle mitj\u00e0 aprenem a fer la maniobra front-ment\u00f3 i a CS sabem fer for\u00e7a b\u00e9 tota la seq\u00fc\u00e8ncia.<\/p>\n<p>Si feu clic a la imatge, podreu veure algunes fotografies d&#8217;aquests dies de pr\u00e0ctica.<\/p>\n<p><a href=\"https:\/\/photos.app.goo.gl\/ipbz56FAV8FpFd2z6\"><img loading=\"lazy\" decoding=\"async\" class=\"aligncenter wp-image-1109 size-medium\" src=\"https:\/\/agora.xtec.cat\/zer-les-salines\/wp-content\/uploads\/usu1080\/2020\/02\/IMG_3495-300x225.jpg\" alt=\"\" width=\"300\" height=\"225\" srcset=\"https:\/\/agora.xtec.cat\/zer-les-salines\/wp-content\/uploads\/usu1080\/2020\/02\/IMG_3495-300x225.jpg 300w, https:\/\/agora.xtec.cat\/zer-les-salines\/wp-content\/uploads\/usu1080\/2020\/02\/IMG_3495-768x576.jpg 768w, https:\/\/agora.xtec.cat\/zer-les-salines\/wp-content\/uploads\/usu1080\/2020\/02\/IMG_3495-1024x768.jpg 1024w, https:\/\/agora.xtec.cat\/zer-les-salines\/wp-content\/uploads\/usu1080\/2020\/02\/IMG_3495-200x150.jpg 200w\" sizes=\"auto, (max-width: 300px) 100vw, 300px\" \/><\/a><\/p>\n","protected":false},"excerpt":{"rendered":"<p>Benvolguts i benvolgudes,<br \/>\nUn curs m\u00e9s hem apr\u00e8s i practicat una mica m\u00e9s el suport vital b\u00e0sic.<br \/>\nA educaci\u00f3 infantil i cicle inicial en format conte (el conte d&#8217;en Quirc i la Kira), a cicle mitj\u00e0 aprenem a fer la maniobra front-ment\u00f3 i a CS sabem fer&hellip;  <a href=\"https:\/\/agora.xtec.cat\/zer-les-salines\/general\/suport-vital-basic-2\/\" title=\"Read Suport Vital B\u00e0sic\">Llegeix m\u00e9s\u00bb<\/a><\/p>\n","protected":false},"author":3,"featured_media":1072,"comment_status":"open","ping_status":"closed","sticky":false,"template":"","format":"standard","meta":{"_bbp_topic_count":0,"_bbp_reply_count":0,"_bbp_total_topic_count":0,"_bbp_total_reply_count":0,"_bbp_voice_count":0,"_bbp_anonymous_reply_count":0,"_bbp_topic_count_hidden":0,"_bbp_reply_count_hidden":0,"_bbp_forum_subforum_count":0,"footnotes":""},"categories":[125,120,1,29],"tags":[243,224,242],"class_list":["post-1106","post","type-post","status-publish","format-standard","has-post-thumbnail","hentry","category-activitatszer","category-ef","category-general","category-portada","tag-crr","tag-educacio-fisica","tag-svb"],"post_mailing_queue_ids":[],"_links":{"self":[{"href":"https:\/\/agora.xtec.cat\/zer-les-salines\/wp-json\/wp\/v2\/posts\/1106","targetHints":{"allow":["GET"]}}],"collection":[{"href":"https:\/\/agora.xtec.cat\/zer-les-salines\/wp-json\/wp\/v2\/posts"}],"about":[{"href":"https:\/\/agora.xtec.cat\/zer-les-salines\/wp-json\/wp\/v2\/types\/post"}],"author":[{"embeddable":true,"href":"https:\/\/agora.xtec.cat\/zer-les-salines\/wp-json\/wp\/v2\/users\/3"}],"replies":[{"embeddable":true,"href":"https:\/\/agora.xtec.cat\/zer-les-salines\/wp-json\/wp\/v2\/comments?post=1106"}],"version-history":[{"count":2,"href":"https:\/\/agora.xtec.cat\/zer-les-salines\/wp-json\/wp\/v2\/posts\/1106\/revisions"}],"predecessor-version":[{"id":1110,"href":"https:\/\/agora.xtec.cat\/zer-les-salines\/wp-json\/wp\/v2\/posts\/1106\/revisions\/1110"}],"wp:featuredmedia":[{"embeddable":true,"href":"https:\/\/agora.xtec.cat\/zer-les-salines\/wp-json\/wp\/v2\/media\/1072"}],"wp:attachment":[{"href":"https:\/\/agora.xtec.cat\/zer-les-salines\/wp-json\/wp\/v2\/media?parent=1106"}],"wp:term":[{"taxonomy":"category","embeddable":true,"href":"https:\/\/agora.xtec.cat\/zer-les-salines\/wp-json\/wp\/v2\/categories?post=1106"},{"taxonomy":"post_tag","embeddable":true,"href":"https:\/\/agora.xtec.cat\/zer-les-salines\/wp-json\/wp\/v2\/tags?post=1106"}],"curies":[{"name":"wp","href":"https:\/\/api.w.org\/{rel}","templated":true}]}}