{"id":1090,"date":"2020-02-12T09:41:20","date_gmt":"2020-02-12T08:41:20","guid":{"rendered":"http:\/\/agora.xtec.cat\/zer-les-salines\/?p=1090"},"modified":"2020-02-12T09:41:20","modified_gmt":"2020-02-12T08:41:20","slug":"preinscripcions-20-21","status":"publish","type":"post","link":"https:\/\/agora.xtec.cat\/zer-les-salines\/general\/preinscripcions-20-21\/","title":{"rendered":"Preinscripcions 20-21"},"content":{"rendered":"<div class=\"FW_sArticleFoto\">\n<div class=\"FW_sEditPro\">\n<p><strong>Previsi\u00f3 de les dates del proc\u00e9s de preinscripci\u00f3 que estableix el Departament d&#8217;Educaci\u00f3 per al curs escolar 2020-2021.<\/strong><\/p>\n<\/div>\n<\/div>\n<div class=\"FW_sPregunta FW_sImpacte\">\n<h4 id=\"FW_bloc_4d79907d-0439-11e9-85b2-005056924a59_1\" class=\"FW_ancora\">Presentaci\u00f3 de sol\u00b7licituds de preinscripci\u00f3<\/h4>\n<div class=\"FW_sArticleFoto\">\n<div class=\"FW_sEditPro\">\n<ul>\n<li>Educaci\u00f3 infantil de segon cicle, educaci\u00f3 prim\u00e0ria i educaci\u00f3 secund\u00e0ria obligat\u00f2ria<br \/>\n<strong>del 23 de mar\u00e7 a l&#8217;1 d&#8217;abril de 2020<\/strong><\/li>\n<\/ul>\n<h4 id=\"FW_bloc_4d79907d-0439-11e9-85b2-005056924a59_2\" class=\"FW_ancora\">Matr\u00edcula<\/h4>\n<div class=\"FW_sArticleFoto\">\n<div class=\"FW_sEditPro\">\n<ul>\n<li>Educaci\u00f3 infantil de segon cicle, educaci\u00f3 prim\u00e0ria i 1r curs d&#8217;educaci\u00f3 secund\u00e0ria obligat\u00f2ria<br \/>\n<strong>del 16 al 22 de juny de 2020<\/strong><\/li>\n<\/ul>\n<\/div>\n<\/div>\n<\/div>\n<\/div>\n<\/div>\n","protected":false},"excerpt":{"rendered":"<p>Previsi\u00f3 de les dates del proc\u00e9s de preinscripci\u00f3 que estableix el Departament d&#8217;Educaci\u00f3 per al curs escolar 2020-2021.<\/p>\n<p>Presentaci\u00f3 de sol\u00b7licituds de preinscripci\u00f3<\/p>\n<ul>\n<li>Educaci\u00f3 infantil de segon cicle, educaci\u00f3 prim\u00e0ria i educaci\u00f3 secund\u00e0ria obligat\u00f2ria<br \/>\ndel 23 de mar\u00e7 a l&#8217;1 d&#8217;abril de 2020<\/li>\n<\/ul>\n<p>Matr\u00edcula<\/p>\n<ul>\n<li>Educaci\u00f3 infantil de segon cicle, educaci\u00f3&hellip;  <a href=\"https:\/\/agora.xtec.cat\/zer-les-salines\/general\/preinscripcions-20-21\/\" title=\"Read Preinscripcions 20-21\">Llegeix m\u00e9s\u00bb<\/a><br \/>\n","protected":false},"author":1,"featured_media":0,"comment_status":"open","ping_status":"closed","sticky":false,"template":"","format":"standard","meta":{"_bbp_topic_count":0,"_bbp_reply_count":0,"_bbp_total_topic_count":0,"_bbp_total_reply_count":0,"_bbp_voice_count":0,"_bbp_anonymous_reply_count":0,"_bbp_topic_count_hidden":0,"_bbp_reply_count_hidden":0,"_bbp_forum_subforum_count":0,"footnotes":""},"categories":[1,29],"tags":[],"class_list":["post-1090","post","type-post","status-publish","format-standard","hentry","category-general","category-portada"],"post_mailing_queue_ids":[],"_links":{"self":[{"href":"https:\/\/agora.xtec.cat\/zer-les-salines\/wp-json\/wp\/v2\/posts\/1090","targetHints":{"allow":["GET"]}}],"collection":[{"href":"https:\/\/agora.xtec.cat\/zer-les-salines\/wp-json\/wp\/v2\/posts"}],"about":[{"href":"https:\/\/agora.xtec.cat\/zer-les-salines\/wp-json\/wp\/v2\/types\/post"}],"author":[{"embeddable":true,"href":"https:\/\/agora.xtec.cat\/zer-les-salines\/wp-json\/wp\/v2\/users\/1"}],"replies":[{"embeddable":true,"href":"https:\/\/agora.xtec.cat\/zer-les-salines\/wp-json\/wp\/v2\/comments?post=1090"}],"version-history":[{"count":1,"href":"https:\/\/agora.xtec.cat\/zer-les-salines\/wp-json\/wp\/v2\/posts\/1090\/revisions"}],"predecessor-version":[{"id":1091,"href":"https:\/\/agora.xtec.cat\/zer-les-salines\/wp-json\/wp\/v2\/posts\/1090\/revisions\/1091"}],"wp:attachment":[{"href":"https:\/\/agora.xtec.cat\/zer-les-salines\/wp-json\/wp\/v2\/media?parent=1090"}],"wp:term":[{"taxonomy":"category","embeddable":true,"href":"https:\/\/agora.xtec.cat\/zer-les-salines\/wp-json\/wp\/v2\/categories?post=1090"},{"taxonomy":"post_tag","embeddable":true,"href":"https:\/\/agora.xtec.cat\/zer-les-salines\/wp-json\/wp\/v2\/tags?post=1090"}],"curies":[{"name":"wp","href":"https:\/\/api.w.org\/{rel}","templated":true}]}}