{"id":1084,"date":"2020-02-07T16:00:41","date_gmt":"2020-02-07T15:00:41","guid":{"rendered":"http:\/\/agora.xtec.cat\/zer-les-salines\/?p=1084"},"modified":"2020-02-08T08:35:35","modified_gmt":"2020-02-08T07:35:35","slug":"celebrem-el-dia-de-la-pau-a-lescola-de-macanet","status":"publish","type":"post","link":"https:\/\/agora.xtec.cat\/zer-les-salines\/portada\/celebrem-el-dia-de-la-pau-a-lescola-de-macanet\/","title":{"rendered":"Celebrem el dia de la Pau a l&#8217;escola de Ma\u00e7anet"},"content":{"rendered":"<p>El 30 de gener tots els nens i nenes de l&#8217;escola vam celebrar el dia de la Pau.<\/p>\n<p>Primer vam visionar un curtmetratge anomenat &#8221; l&#8217; Home\u00a0 orquestra&#8221; i despr\u00e9s vam escoltar tots junts la can\u00e7\u00f3<\/p>\n<p>&#8221; El m\u00f3n seria m\u00e9s feli\u00e7&#8221;. Vam dialogar sobre el tema i vam acabar la tarda fent un taller padrins i fillols.<\/p>\n<p><img loading=\"lazy\" decoding=\"async\" class=\"alignnone\" src=\"https:\/\/lh3.googleusercontent.com\/Fy85ESkTGK24R1bzAUUvcrc-zfmV2I8QMa7NHwocSYhEiKOU_ZAhU4Fbs6VsWYfZng9fk_DrOg6AiQKWW0Ip_avQSys88al4o_iTQbECTN_M7R2McgC8dzL8SyRUa9AxEc2jE7SDrPGQiRuc5twyI_Be6ZKJ6DkFSfCcge0tv6FFQDEuw2koiaBqMLFfm0nbiTbdMGsHVdyt_CtZwmm5FYooPz8Qf_7g4gclUO9WRmaoCe9fGiU75t2hI4ieJ5ABVcnJddltgIwd8N90GCMyKJlH1HdUJvGo6CXcveX-PeZziWsqqAj-SWB37HkJL-iBGaRBQyht-Sp3JNJc6YCpGZACJmC6-SsnMlNsD5kXMtc8z_9lrBdw4qrNiTuDoRFn6MjONUiOGuT9bVjtag4rw0a2TbTFOawUGq7cm3xNC9T3jsQX7_AxWb7VVgR8gkCHR5i1wvOdZHU_85LTKQ2SIJVK7u0LgwzSrx6W_9Jh_sGcnWfnu9H-MoLEY8l_nw75CbY6tvbqHZs0rE7sEt6RZXucTCFVziMB6JeZETlDF8K8bMTQ_xKXqPBO64kxFE68qyfrbl0paFYIz5fH39AqNQE_gV82Db8HPT-KqQyEwcHHvg0jbdeRCRiDONdRwx2tfqFS3boaTe3mNpCK2PMQk-UkrCQNhmLB8rsXk1WyEYqtJpFv1Zwjd95BKH5SBHPvAsnidLBg2BAHBV2XpW2Pw75MbhaMdacSRkjh-H1UyfSq2fo=w1250-h937-no\" alt=\"\" width=\"362\" height=\"271\" \/><\/p>\n<p><a href=\"https:\/\/photos.app.goo.gl\/C8A1KpRCjXQLqcBq6\" target=\"_blank\" rel=\"noopener noreferrer\"><strong>DIA DE LA PAU<\/strong><\/a><\/p>\n<p>&nbsp;<\/p>\n","protected":false},"excerpt":{"rendered":"<p>El 30 de gener tots els nens i nenes de l&#8217;escola vam celebrar el dia de la Pau.<br \/>\nPrimer vam visionar un curtmetratge anomenat &#8221; l&#8217; Home\u00a0 orquestra&#8221; i despr\u00e9s vam escoltar tots junts la can\u00e7\u00f3<br \/>\n&#8221; El m\u00f3n seria m\u00e9s feli\u00e7&#8221;. Vam dialogar sobre el tema&hellip;  <a href=\"https:\/\/agora.xtec.cat\/zer-les-salines\/portada\/celebrem-el-dia-de-la-pau-a-lescola-de-macanet\/\" title=\"Read Celebrem el dia de la Pau a l&#8217;escola de Ma\u00e7anet\">Llegeix m\u00e9s\u00bb<\/a><\/p>\n","protected":false},"author":34,"featured_media":1085,"comment_status":"open","ping_status":"closed","sticky":false,"template":"","format":"standard","meta":{"_bbp_topic_count":0,"_bbp_reply_count":0,"_bbp_total_topic_count":0,"_bbp_total_reply_count":0,"_bbp_voice_count":0,"_bbp_anonymous_reply_count":0,"_bbp_topic_count_hidden":0,"_bbp_reply_count_hidden":0,"_bbp_forum_subforum_count":0,"footnotes":""},"categories":[114,29],"tags":[234,235,236],"class_list":["post-1084","post","type-post","status-publish","format-standard","has-post-thumbnail","hentry","category-blog-escola-lessalines","category-portada","tag-dia-de-la-pau","tag-escola","tag-padrins-i-fillols"],"post_mailing_queue_ids":[],"_links":{"self":[{"href":"https:\/\/agora.xtec.cat\/zer-les-salines\/wp-json\/wp\/v2\/posts\/1084","targetHints":{"allow":["GET"]}}],"collection":[{"href":"https:\/\/agora.xtec.cat\/zer-les-salines\/wp-json\/wp\/v2\/posts"}],"about":[{"href":"https:\/\/agora.xtec.cat\/zer-les-salines\/wp-json\/wp\/v2\/types\/post"}],"author":[{"embeddable":true,"href":"https:\/\/agora.xtec.cat\/zer-les-salines\/wp-json\/wp\/v2\/users\/34"}],"replies":[{"embeddable":true,"href":"https:\/\/agora.xtec.cat\/zer-les-salines\/wp-json\/wp\/v2\/comments?post=1084"}],"version-history":[{"count":2,"href":"https:\/\/agora.xtec.cat\/zer-les-salines\/wp-json\/wp\/v2\/posts\/1084\/revisions"}],"predecessor-version":[{"id":1087,"href":"https:\/\/agora.xtec.cat\/zer-les-salines\/wp-json\/wp\/v2\/posts\/1084\/revisions\/1087"}],"wp:featuredmedia":[{"embeddable":true,"href":"https:\/\/agora.xtec.cat\/zer-les-salines\/wp-json\/wp\/v2\/media\/1085"}],"wp:attachment":[{"href":"https:\/\/agora.xtec.cat\/zer-les-salines\/wp-json\/wp\/v2\/media?parent=1084"}],"wp:term":[{"taxonomy":"category","embeddable":true,"href":"https:\/\/agora.xtec.cat\/zer-les-salines\/wp-json\/wp\/v2\/categories?post=1084"},{"taxonomy":"post_tag","embeddable":true,"href":"https:\/\/agora.xtec.cat\/zer-les-salines\/wp-json\/wp\/v2\/tags?post=1084"}],"curies":[{"name":"wp","href":"https:\/\/api.w.org\/{rel}","templated":true}]}}