{"id":1071,"date":"2020-01-28T11:20:17","date_gmt":"2020-01-28T10:20:17","guid":{"rendered":"http:\/\/agora.xtec.cat\/zer-les-salines\/?p=1071"},"modified":"2020-01-28T11:20:17","modified_gmt":"2020-01-28T10:20:17","slug":"suport-vital-basic","status":"publish","type":"post","link":"https:\/\/agora.xtec.cat\/zer-les-salines\/portada\/suport-vital-basic\/","title":{"rendered":"Suport Vital B\u00e0sic"},"content":{"rendered":"<p>Benvolgudes fam\u00edlies,<\/p>\n<p>El passat 27 de gener vam fer una petita formaci\u00f3 a algunes fam\u00edlies de Ma\u00e7anet sobre Suport Vital B\u00e0sic.<\/p>\n<p>Us deixem els documents <a href=\"https:\/\/drive.google.com\/drive\/folders\/1QsURGDQ9z8aY4ChUkC-MmKnoa0MqeG6T?usp=sharing\">aqu\u00ed<\/a>, per si \u00e9s del vostre inter\u00e8s.<\/p>\n<p>Si esteu interessats o interessades en rebre aquesta formaci\u00f3 organtizeu-vos amb la vostra AMPA i contacteu amb la direcci\u00f3 del centre.<\/p>\n","protected":false},"excerpt":{"rendered":"<p>Benvolgudes fam\u00edlies,<br \/>\nEl passat 27 de gener vam fer una petita formaci\u00f3 a algunes fam\u00edlies de Ma\u00e7anet sobre Suport Vital B\u00e0sic.<br \/>\nUs deixem els documents <a href=\"https:\/\/drive.google.com\/drive\/folders\/1QsURGDQ9z8aY4ChUkC-MmKnoa0MqeG6T?usp=sharing\">aqu\u00ed<\/a>, per si \u00e9s del vostre inter\u00e8s.<br \/>\nSi esteu interessats o interessades en rebre aquesta formaci\u00f3 organtizeu-vos amb la vostra AMPA i&hellip;  <a href=\"https:\/\/agora.xtec.cat\/zer-les-salines\/portada\/suport-vital-basic\/\" title=\"Read Suport Vital B\u00e0sic\">Llegeix m\u00e9s\u00bb<\/a><\/p>\n","protected":false},"author":1,"featured_media":1072,"comment_status":"open","ping_status":"closed","sticky":false,"template":"","format":"standard","meta":{"_bbp_topic_count":0,"_bbp_reply_count":0,"_bbp_total_topic_count":0,"_bbp_total_reply_count":0,"_bbp_voice_count":0,"_bbp_anonymous_reply_count":0,"_bbp_topic_count_hidden":0,"_bbp_reply_count_hidden":0,"_bbp_forum_subforum_count":0,"footnotes":""},"categories":[227,29],"tags":[229,228],"class_list":["post-1071","post","type-post","status-publish","format-standard","has-post-thumbnail","hentry","category-families","category-portada","tag-formacio","tag-suport-vital-basic"],"post_mailing_queue_ids":[],"_links":{"self":[{"href":"https:\/\/agora.xtec.cat\/zer-les-salines\/wp-json\/wp\/v2\/posts\/1071","targetHints":{"allow":["GET"]}}],"collection":[{"href":"https:\/\/agora.xtec.cat\/zer-les-salines\/wp-json\/wp\/v2\/posts"}],"about":[{"href":"https:\/\/agora.xtec.cat\/zer-les-salines\/wp-json\/wp\/v2\/types\/post"}],"author":[{"embeddable":true,"href":"https:\/\/agora.xtec.cat\/zer-les-salines\/wp-json\/wp\/v2\/users\/1"}],"replies":[{"embeddable":true,"href":"https:\/\/agora.xtec.cat\/zer-les-salines\/wp-json\/wp\/v2\/comments?post=1071"}],"version-history":[{"count":1,"href":"https:\/\/agora.xtec.cat\/zer-les-salines\/wp-json\/wp\/v2\/posts\/1071\/revisions"}],"predecessor-version":[{"id":1073,"href":"https:\/\/agora.xtec.cat\/zer-les-salines\/wp-json\/wp\/v2\/posts\/1071\/revisions\/1073"}],"wp:featuredmedia":[{"embeddable":true,"href":"https:\/\/agora.xtec.cat\/zer-les-salines\/wp-json\/wp\/v2\/media\/1072"}],"wp:attachment":[{"href":"https:\/\/agora.xtec.cat\/zer-les-salines\/wp-json\/wp\/v2\/media?parent=1071"}],"wp:term":[{"taxonomy":"category","embeddable":true,"href":"https:\/\/agora.xtec.cat\/zer-les-salines\/wp-json\/wp\/v2\/categories?post=1071"},{"taxonomy":"post_tag","embeddable":true,"href":"https:\/\/agora.xtec.cat\/zer-les-salines\/wp-json\/wp\/v2\/tags?post=1071"}],"curies":[{"name":"wp","href":"https:\/\/api.w.org\/{rel}","templated":true}]}}