{"id":1034,"date":"2020-01-10T15:26:09","date_gmt":"2020-01-10T14:26:09","guid":{"rendered":"http:\/\/agora.xtec.cat\/zer-les-salines\/?p=1034"},"modified":"2020-01-11T09:44:06","modified_gmt":"2020-01-11T08:44:06","slug":"a-macanet-caguem-el-tio","status":"publish","type":"post","link":"https:\/\/agora.xtec.cat\/zer-les-salines\/general\/a-macanet-caguem-el-tio\/","title":{"rendered":"A Ma\u00e7anet caguem el ti\u00f3"},"content":{"rendered":"<p>El dia 20 de desembre els alumnes de l&#8217;escola Les Salines vam cagar el ti\u00f3. Despr\u00e8s de molts dies de menjar i menjar, va cagar algun regalet per cada classe i una bossa de xocolatines per cada nen.<\/p>\n<p>Moltes gr\u00e0cies ti\u00f3.<\/p>\n<p><a href=\"https:\/\/photos.app.goo.gl\/FrfnSoiGWgDLWjc89\" target=\"_blank\" rel=\"noopener noreferrer\"><img loading=\"lazy\" decoding=\"async\" class=\"alignnone\" src=\"https:\/\/lh3.googleusercontent.com\/jM1F8uOkbIL7o_J1B6arDrYz15bvJA_MzgkiZiYgASjUvq0hcPO0vPBViCrluA9INhOl01j0U-aphR_LcOjDFjxpHS9hHKQVXJu3cooMhk2SVHIkMBEY70jnbv_l4bh0AfZiVzVDpYR2cSxftBgNBgYzGvozuAQisCn6hw76zLgMtBtWmxNY7CLQnopdiTQ_suKJ2ifiRrlN0Mbk0416haKdSnXMesKciOI2NNODLvQ6SHh-IZE4B6Tqpe-UXEVIOF8Uvt0408Ghq5cMPSJ7lImzjlEb6HaqC1ObbE54Jkwv1jPOY0j8OS4OaxllylgVG8LN32EfEpUyp8BbxU-4WrFe4DzP0Bx_sZ1BRXT_GrrSLgthAmRvnYFc6YZO0TVJ8OjS2CzVfnyfISUsqKiDx1gE2B4SFZrurFy3nsXhcwYUMU7qMHidWZaHK-7qqiEk_bjnfGMmahFpVY0M7wiDcytu6Mgfqd2lTFPLL6wEFLhdkR2d-O-Giz8SusDwsY3qzQI02A91bz-h5P3ouR2GkEEj1TZfN9EWQEQ5Fsqq0KnCGpRFFuDHirvYv8i1bFMxvOATHCQtLJwXdXpT7qsqO2vmYQZsADAuuGvfVg4tVIBNLSkmMT0cLGRDbcIOfc1JHxwRmds8DMopOtyvymN_rjJ_tm4ZNwuFRDV79xC7IrALWLEK3VeoS8M1Lvo9W5Iy8_CLLWdMIdw8Zx7Mc1DwIRlyLYgneD5Z7i79acFwHNZrFU9F=w1250-h937-no\" alt=\"\" width=\"416\" height=\"312\" \/><\/a><\/p>\n<p><a href=\"https:\/\/photos.app.goo.gl\/FrfnSoiGWgDLWjc89\">https:\/\/photos.app.goo.gl\/FrfnSoiGWgDLWjc89<\/a><\/p>\n","protected":false},"excerpt":{"rendered":"<p>Els nens i nenes de Ma\u00e7anet de Cabrenys hem cagat el ti\u00f3. &hellip;  <a href=\"https:\/\/agora.xtec.cat\/zer-les-salines\/general\/a-macanet-caguem-el-tio\/\" title=\"Read A Ma\u00e7anet caguem el ti\u00f3\">Llegeix m\u00e9s\u00bb<\/a><\/p>\n","protected":false},"author":34,"featured_media":1038,"comment_status":"open","ping_status":"closed","sticky":false,"template":"","format":"standard","meta":{"_bbp_topic_count":0,"_bbp_reply_count":0,"_bbp_total_topic_count":0,"_bbp_total_reply_count":0,"_bbp_voice_count":0,"_bbp_anonymous_reply_count":0,"_bbp_topic_count_hidden":0,"_bbp_reply_count_hidden":0,"_bbp_forum_subforum_count":0,"footnotes":""},"categories":[114,1,29],"tags":[219,218],"class_list":["post-1034","post","type-post","status-publish","format-standard","has-post-thumbnail","hentry","category-blog-escola-lessalines","category-general","category-portada","tag-nadal-2019","tag-tio-2019"],"post_mailing_queue_ids":[],"_links":{"self":[{"href":"https:\/\/agora.xtec.cat\/zer-les-salines\/wp-json\/wp\/v2\/posts\/1034","targetHints":{"allow":["GET"]}}],"collection":[{"href":"https:\/\/agora.xtec.cat\/zer-les-salines\/wp-json\/wp\/v2\/posts"}],"about":[{"href":"https:\/\/agora.xtec.cat\/zer-les-salines\/wp-json\/wp\/v2\/types\/post"}],"author":[{"embeddable":true,"href":"https:\/\/agora.xtec.cat\/zer-les-salines\/wp-json\/wp\/v2\/users\/34"}],"replies":[{"embeddable":true,"href":"https:\/\/agora.xtec.cat\/zer-les-salines\/wp-json\/wp\/v2\/comments?post=1034"}],"version-history":[{"count":3,"href":"https:\/\/agora.xtec.cat\/zer-les-salines\/wp-json\/wp\/v2\/posts\/1034\/revisions"}],"predecessor-version":[{"id":1055,"href":"https:\/\/agora.xtec.cat\/zer-les-salines\/wp-json\/wp\/v2\/posts\/1034\/revisions\/1055"}],"wp:featuredmedia":[{"embeddable":true,"href":"https:\/\/agora.xtec.cat\/zer-les-salines\/wp-json\/wp\/v2\/media\/1038"}],"wp:attachment":[{"href":"https:\/\/agora.xtec.cat\/zer-les-salines\/wp-json\/wp\/v2\/media?parent=1034"}],"wp:term":[{"taxonomy":"category","embeddable":true,"href":"https:\/\/agora.xtec.cat\/zer-les-salines\/wp-json\/wp\/v2\/categories?post=1034"},{"taxonomy":"post_tag","embeddable":true,"href":"https:\/\/agora.xtec.cat\/zer-les-salines\/wp-json\/wp\/v2\/tags?post=1034"}],"curies":[{"name":"wp","href":"https:\/\/api.w.org\/{rel}","templated":true}]}}