{"id":1023,"date":"2020-01-11T09:32:15","date_gmt":"2020-01-11T08:32:15","guid":{"rendered":"http:\/\/agora.xtec.cat\/zer-les-salines\/?p=1023"},"modified":"2020-01-11T09:40:20","modified_gmt":"2020-01-11T08:40:20","slug":"projecte-escales-a-macanet","status":"publish","type":"post","link":"https:\/\/agora.xtec.cat\/zer-les-salines\/general\/projecte-escales-a-macanet\/","title":{"rendered":"Projecte &#8220;Escales&#8221; a Ma\u00e7anet"},"content":{"rendered":"<figure class=\"figure wp-caption alignleft\"><a href=\"https:\/\/photos.app.goo.gl\/AHkGPc8t9KBJDhHG6\" target=\"_blank\" rel=\"noopener noreferrer\"><img loading=\"lazy\" decoding=\"async\" class=\"wp-image-1024\" src=\"https:\/\/agora.xtec.cat\/zer-les-salines\/wp-content\/uploads\/usu1080\/2020\/01\/IMG_3834-765x1024.jpg\" alt=\"\" width=\"352\" height=\"471\" srcset=\"https:\/\/agora.xtec.cat\/zer-les-salines\/wp-content\/uploads\/usu1080\/2020\/01\/IMG_3834-765x1024.jpg 765w, https:\/\/agora.xtec.cat\/zer-les-salines\/wp-content\/uploads\/usu1080\/2020\/01\/IMG_3834-224x300.jpg 224w, https:\/\/agora.xtec.cat\/zer-les-salines\/wp-content\/uploads\/usu1080\/2020\/01\/IMG_3834-768x1028.jpg 768w, https:\/\/agora.xtec.cat\/zer-les-salines\/wp-content\/uploads\/usu1080\/2020\/01\/IMG_3834.jpg 1802w\" sizes=\"auto, (max-width: 352px) 100vw, 352px\" \/><\/a><figcaption class=\"wp-caption-text\">Cliqueu la imatge per veure totes les fotos del projecte<\/figcaption><\/figure>\n<p>Amb el projecte d\u2019educaci\u00f3 art\u00edstica del primer trimestre, els alumnes de prim\u00e0ria hem descobert qu\u00e8 s\u00f3n les <strong>rajoles hidr\u00e0uliques<\/strong> i hem decorat <strong>les escales de l\u2019escola<\/strong>.<\/p>\n<p>El primer que vam fer \u00e9s <strong>mesurar<\/strong> l\u2019escala per calcular la mida i la quantitat de rajoles que necessit\u00e0vem a cada gra\u00f3. Un cop vam tenir la mida vam fer un prototip per comprovar \u2013ho. Hem necessitat 9 rajoles de 9,5 x 10 cm a cada gra\u00f3.<\/p>\n<p>Llavors vam <strong>dissenyar<\/strong> de les rajoles. Hem apr\u00e8s que una rajola hidr\u00e0ulica es feia amb ciment i es deixava amb aigua durant 24hores perqu\u00e8 s\u2019endur\u00eds i aix\u00ed aconseguien el motlle. Cadasc\u00fa de nosaltres va dibuixar \u00a0un disseny per a la seva rajola i perqu\u00e8 \u00a0 \u00a0\u00a0fossin totes iguals ho vam fotocopiar.<\/p>\n<p>Per \u00faltim nom\u00e9s quedava donar-hi <strong>color<\/strong>. Cadasc\u00fa va decidir amb quin criteri les pintaria: colors aleatoris, seguint una gama, jugant amb freds i c\u00e0lids,\u00a0 degradat d\u2019un color&#8230;<\/p>\n<p>&nbsp;<\/p>\n<p>I un cop acabades les vam enganxar als graons. Ens ha quedat una escala ben acolorida! Esperem que us agradi!<\/p>\n<p>&nbsp;<\/p>\n","protected":false},"excerpt":{"rendered":"<p>Amb el projecte d\u2019educaci\u00f3 art\u00edstica del primer trimestre, els alumnes de prim\u00e0ria hem descobert qu\u00e8 s\u00f3n les rajoles hidr\u00e0uliques i hem decorat les escales de l\u2019escola.&hellip;  <a href=\"https:\/\/agora.xtec.cat\/zer-les-salines\/general\/projecte-escales-a-macanet\/\" title=\"Read Projecte &#8220;Escales&#8221; a Ma\u00e7anet\">Llegeix m\u00e9s\u00bb<\/a><\/p>\n","protected":false},"author":66,"featured_media":1051,"comment_status":"open","ping_status":"closed","sticky":false,"template":"","format":"standard","meta":{"_bbp_topic_count":0,"_bbp_reply_count":0,"_bbp_total_topic_count":0,"_bbp_total_reply_count":0,"_bbp_voice_count":0,"_bbp_anonymous_reply_count":0,"_bbp_topic_count_hidden":0,"_bbp_reply_count_hidden":0,"_bbp_forum_subforum_count":0,"footnotes":""},"categories":[114,121,1,29],"tags":[222,221],"class_list":["post-1023","post","type-post","status-publish","format-standard","has-post-thumbnail","hentry","category-blog-escola-lessalines","category-ea","category-general","category-portada","tag-macanet","tag-visual-i-plastica"],"post_mailing_queue_ids":[],"_links":{"self":[{"href":"https:\/\/agora.xtec.cat\/zer-les-salines\/wp-json\/wp\/v2\/posts\/1023","targetHints":{"allow":["GET"]}}],"collection":[{"href":"https:\/\/agora.xtec.cat\/zer-les-salines\/wp-json\/wp\/v2\/posts"}],"about":[{"href":"https:\/\/agora.xtec.cat\/zer-les-salines\/wp-json\/wp\/v2\/types\/post"}],"author":[{"embeddable":true,"href":"https:\/\/agora.xtec.cat\/zer-les-salines\/wp-json\/wp\/v2\/users\/66"}],"replies":[{"embeddable":true,"href":"https:\/\/agora.xtec.cat\/zer-les-salines\/wp-json\/wp\/v2\/comments?post=1023"}],"version-history":[{"count":3,"href":"https:\/\/agora.xtec.cat\/zer-les-salines\/wp-json\/wp\/v2\/posts\/1023\/revisions"}],"predecessor-version":[{"id":1053,"href":"https:\/\/agora.xtec.cat\/zer-les-salines\/wp-json\/wp\/v2\/posts\/1023\/revisions\/1053"}],"wp:featuredmedia":[{"embeddable":true,"href":"https:\/\/agora.xtec.cat\/zer-les-salines\/wp-json\/wp\/v2\/media\/1051"}],"wp:attachment":[{"href":"https:\/\/agora.xtec.cat\/zer-les-salines\/wp-json\/wp\/v2\/media?parent=1023"}],"wp:term":[{"taxonomy":"category","embeddable":true,"href":"https:\/\/agora.xtec.cat\/zer-les-salines\/wp-json\/wp\/v2\/categories?post=1023"},{"taxonomy":"post_tag","embeddable":true,"href":"https:\/\/agora.xtec.cat\/zer-les-salines\/wp-json\/wp\/v2\/tags?post=1023"}],"curies":[{"name":"wp","href":"https:\/\/api.w.org\/{rel}","templated":true}]}}