{"id":1015,"date":"2019-12-16T16:33:16","date_gmt":"2019-12-16T15:33:16","guid":{"rendered":"http:\/\/agora.xtec.cat\/zer-les-salines\/?p=1015"},"modified":"2019-12-16T16:33:16","modified_gmt":"2019-12-16T15:33:16","slug":"el-pessebre-a-boadella","status":"publish","type":"post","link":"https:\/\/agora.xtec.cat\/zer-les-salines\/general\/el-pessebre-a-boadella\/","title":{"rendered":"El pessebre a Boadella"},"content":{"rendered":"<p>Aquest Nadal a l&#8217;escola Santa Cec\u00edlia tenen un pessebre molt bonic!<\/p>\n<p>Tot l&#8217;alumnat de l&#8217;escola, durant el primer trimestre, ha estat el\u00b7laborant aquest pessebre.<\/p>\n<p>Amb la col\u00b7laboraci\u00f3 de l&#8217;Albert Pibernat que amb molta paci\u00e8ncia i dedicaci\u00f3 ha anat explicant t\u00e8cniques per treballar amb el poliestir\u00e8 i mica en mica l&#8217;han anat creant.<\/p>\n<p>Si feu clic <a href=\"https:\/\/photos.app.goo.gl\/TrRNPFRdrLkCbfy56\">aqu\u00ed<\/a> podreu veure m\u00e9s detalls d&#8217;aquest pessebre.<\/p>\n<p>&nbsp;<\/p>\n","protected":false},"excerpt":{"rendered":"<p>Aquest Nadal a l&#8217;escola Santa Cec\u00edlia tenen un pessebre molt bonic!<br \/>\nTot l&#8217;alumnat de l&#8217;escola, durant el primer trimestre, ha estat el\u00b7laborant aquest pessebre.<br \/>\nAmb la col\u00b7laboraci\u00f3 de l&#8217;Albert Pibernat que amb molta paci\u00e8ncia i dedicaci\u00f3 ha anat explicant t\u00e8cniques per treballar amb el poliestir\u00e8 i mica&hellip;  <a href=\"https:\/\/agora.xtec.cat\/zer-les-salines\/general\/el-pessebre-a-boadella\/\" title=\"Read El pessebre a Boadella\">Llegeix m\u00e9s\u00bb<\/a><\/p>\n","protected":false},"author":3,"featured_media":0,"comment_status":"open","ping_status":"closed","sticky":false,"template":"","format":"standard","meta":{"_bbp_topic_count":0,"_bbp_reply_count":0,"_bbp_total_topic_count":0,"_bbp_total_reply_count":0,"_bbp_voice_count":0,"_bbp_anonymous_reply_count":0,"_bbp_topic_count_hidden":0,"_bbp_reply_count_hidden":0,"_bbp_forum_subforum_count":0,"footnotes":""},"categories":[117,1,29],"tags":[194,212,217],"class_list":["post-1015","post","type-post","status-publish","format-standard","hentry","category-blog-escola-santacecilia","category-general","category-portada","tag-boadella","tag-nadal","tag-pessebre"],"post_mailing_queue_ids":[],"_links":{"self":[{"href":"https:\/\/agora.xtec.cat\/zer-les-salines\/wp-json\/wp\/v2\/posts\/1015","targetHints":{"allow":["GET"]}}],"collection":[{"href":"https:\/\/agora.xtec.cat\/zer-les-salines\/wp-json\/wp\/v2\/posts"}],"about":[{"href":"https:\/\/agora.xtec.cat\/zer-les-salines\/wp-json\/wp\/v2\/types\/post"}],"author":[{"embeddable":true,"href":"https:\/\/agora.xtec.cat\/zer-les-salines\/wp-json\/wp\/v2\/users\/3"}],"replies":[{"embeddable":true,"href":"https:\/\/agora.xtec.cat\/zer-les-salines\/wp-json\/wp\/v2\/comments?post=1015"}],"version-history":[{"count":2,"href":"https:\/\/agora.xtec.cat\/zer-les-salines\/wp-json\/wp\/v2\/posts\/1015\/revisions"}],"predecessor-version":[{"id":1017,"href":"https:\/\/agora.xtec.cat\/zer-les-salines\/wp-json\/wp\/v2\/posts\/1015\/revisions\/1017"}],"wp:attachment":[{"href":"https:\/\/agora.xtec.cat\/zer-les-salines\/wp-json\/wp\/v2\/media?parent=1015"}],"wp:term":[{"taxonomy":"category","embeddable":true,"href":"https:\/\/agora.xtec.cat\/zer-les-salines\/wp-json\/wp\/v2\/categories?post=1015"},{"taxonomy":"post_tag","embeddable":true,"href":"https:\/\/agora.xtec.cat\/zer-les-salines\/wp-json\/wp\/v2\/tags?post=1015"}],"curies":[{"name":"wp","href":"https:\/\/api.w.org\/{rel}","templated":true}]}}