{"id":7239,"date":"2024-09-23T13:11:32","date_gmt":"2024-09-23T11:11:32","guid":{"rendered":"https:\/\/agora.xtec.cat\/zer-capdecreus\/?p=7239"},"modified":"2024-09-23T13:12:08","modified_gmt":"2024-09-23T11:12:08","slug":"visita-a-lexposicio-fotografica-els-nens-de-dakar-escola-les-clisques","status":"publish","type":"post","link":"https:\/\/agora.xtec.cat\/zer-capdecreus\/portada\/visita-a-lexposicio-fotografica-els-nens-de-dakar-escola-les-clisques\/","title":{"rendered":"Visita a l&#8217;exposici\u00f3 fotogr\u00e0fica Els nens de Dakar. Escola Les Clisques"},"content":{"rendered":"<p>El passat divendres 20 de setembre els alumnes de 2n a 6\u00e8 de l&#8217;escola Les Clisques vam poder visitar l&#8217;exposici\u00f3 de la fot\u00f2grafa <em>Els Nens de Dakar<\/em> de C\u00e9line Pech exposada al Trull de La Selva de Mar.<\/p>\n<p>Aquesta exposici\u00f3\u00a0 dona a con\u00e8ixer l&#8217;escola Fabrizio et Cyril, fundada per Cyril Despres i Laia Segure, situada al barri m\u00e9s marginal de Dakar, al Senegal. L&#8217;escola \u00e9s un projecte personal de Cyril Despres, conegut per la seva impressionant traject\u00f2ria al ral\u00b7li Dakar i que en va guanyar cinc vegades en categoria de motos.<\/p>\n<p>Per a la pre-estrena que ens van oferir als alumnes i mestres de l&#8217;escola Les Clisques, vam comptar amb la pres\u00e8ncia de Cyril Despres, la Laia Segure i la fot\u00f2grafa C\u00e9line Pech que ens van explicar la seva experi\u00e8ncia duent a terme el projecte i que vam gaudir amb molta atenci\u00f3.<\/p>\n<p>Molt\u00edssimes gr\u00e0cies per a compartir amb nosaltres les vostres experi\u00e8ncies i obrir-nos una finestra d&#8217;aquest m\u00f3n que volem con\u00e8xier!<\/p>\n<p><a href=\"https:\/\/agora.xtec.cat\/zer-capdecreus\/wp-content\/uploads\/usu1769\/2024\/09\/20240920_1557371-scaled-e1727089868590.jpg\"><img loading=\"lazy\" decoding=\"async\" class=\"aligncenter size-large wp-image-7240\" src=\"https:\/\/agora.xtec.cat\/zer-capdecreus\/wp-content\/uploads\/usu1769\/2024\/09\/20240920_1557371-scaled-e1727089868590-1024x576.jpg\" alt=\"\" width=\"1024\" height=\"576\" srcset=\"https:\/\/agora.xtec.cat\/zer-capdecreus\/wp-content\/uploads\/usu1769\/2024\/09\/20240920_1557371-scaled-e1727089868590-1024x576.jpg 1024w, https:\/\/agora.xtec.cat\/zer-capdecreus\/wp-content\/uploads\/usu1769\/2024\/09\/20240920_1557371-scaled-e1727089868590-300x169.jpg 300w, https:\/\/agora.xtec.cat\/zer-capdecreus\/wp-content\/uploads\/usu1769\/2024\/09\/20240920_1557371-scaled-e1727089868590-768x432.jpg 768w, https:\/\/agora.xtec.cat\/zer-capdecreus\/wp-content\/uploads\/usu1769\/2024\/09\/20240920_1557371-scaled-e1727089868590-1536x864.jpg 1536w, https:\/\/agora.xtec.cat\/zer-capdecreus\/wp-content\/uploads\/usu1769\/2024\/09\/20240920_1557371-scaled-e1727089868590-2048x1152.jpg 2048w\" sizes=\"auto, (max-width: 1024px) 100vw, 1024px\" \/><\/a><\/p>\n","protected":false},"excerpt":{"rendered":"<p>El passat divendres 20 de setembre els alumnes de 2n a 6\u00e8 de l&#8217;escola Les Clisques vam poder visitar l&#8217;exposici\u00f3 de la fot\u00f2grafa Els Nens de Dakar de C\u00e9line Pech exposada al Trull de La Selva de Mar.<br \/>\nAquesta exposici\u00f3\u00a0 dona a con\u00e8ixer l&#8217;escola Fabrizio et&hellip;  <a href=\"https:\/\/agora.xtec.cat\/zer-capdecreus\/portada\/visita-a-lexposicio-fotografica-els-nens-de-dakar-escola-les-clisques\/\" title=\"Read Visita a l&#8217;exposici\u00f3 fotogr\u00e0fica Els nens de Dakar. Escola Les Clisques\">Llegeix m\u00e9s\u00bb<\/a><\/p>\n","protected":false},"author":1,"featured_media":7240,"comment_status":"open","ping_status":"closed","sticky":false,"template":"","format":"standard","meta":{"_bbp_topic_count":0,"_bbp_reply_count":0,"_bbp_total_topic_count":0,"_bbp_total_reply_count":0,"_bbp_voice_count":0,"_bbp_anonymous_reply_count":0,"_bbp_topic_count_hidden":0,"_bbp_reply_count_hidden":0,"_bbp_forum_subforum_count":0,"footnotes":""},"categories":[116,118,117,59,29],"tags":[],"class_list":["post-7239","post","type-post","status-publish","format-standard","has-post-thumbnail","hentry","category-cicle-inicial-clisques","category-cicle-mitja-clisques","category-cicle-superior-clisques","category-escola-clisques","category-portada"],"post_mailing_queue_ids":[],"_links":{"self":[{"href":"https:\/\/agora.xtec.cat\/zer-capdecreus\/wp-json\/wp\/v2\/posts\/7239","targetHints":{"allow":["GET"]}}],"collection":[{"href":"https:\/\/agora.xtec.cat\/zer-capdecreus\/wp-json\/wp\/v2\/posts"}],"about":[{"href":"https:\/\/agora.xtec.cat\/zer-capdecreus\/wp-json\/wp\/v2\/types\/post"}],"author":[{"embeddable":true,"href":"https:\/\/agora.xtec.cat\/zer-capdecreus\/wp-json\/wp\/v2\/users\/1"}],"replies":[{"embeddable":true,"href":"https:\/\/agora.xtec.cat\/zer-capdecreus\/wp-json\/wp\/v2\/comments?post=7239"}],"version-history":[{"count":2,"href":"https:\/\/agora.xtec.cat\/zer-capdecreus\/wp-json\/wp\/v2\/posts\/7239\/revisions"}],"predecessor-version":[{"id":7242,"href":"https:\/\/agora.xtec.cat\/zer-capdecreus\/wp-json\/wp\/v2\/posts\/7239\/revisions\/7242"}],"wp:featuredmedia":[{"embeddable":true,"href":"https:\/\/agora.xtec.cat\/zer-capdecreus\/wp-json\/wp\/v2\/media\/7240"}],"wp:attachment":[{"href":"https:\/\/agora.xtec.cat\/zer-capdecreus\/wp-json\/wp\/v2\/media?parent=7239"}],"wp:term":[{"taxonomy":"category","embeddable":true,"href":"https:\/\/agora.xtec.cat\/zer-capdecreus\/wp-json\/wp\/v2\/categories?post=7239"},{"taxonomy":"post_tag","embeddable":true,"href":"https:\/\/agora.xtec.cat\/zer-capdecreus\/wp-json\/wp\/v2\/tags?post=7239"}],"curies":[{"name":"wp","href":"https:\/\/api.w.org\/{rel}","templated":true}]}}