{"id":7128,"date":"2024-04-22T19:29:01","date_gmt":"2024-04-22T17:29:01","guid":{"rendered":"https:\/\/agora.xtec.cat\/zer-capdecreus\/?p=7128"},"modified":"2024-04-22T19:33:26","modified_gmt":"2024-04-22T17:33:26","slug":"projecte-coneixem-la-historia-del-nostre-poble-vestigis-prehistorics-viii","status":"publish","type":"post","link":"https:\/\/agora.xtec.cat\/zer-capdecreus\/portada\/projecte-coneixem-la-historia-del-nostre-poble-vestigis-prehistorics-viii\/","title":{"rendered":"Projecte Coneixem la hist\u00f2ria del nostre poble. Vestigis prehist\u00f2rics (VIII)"},"content":{"rendered":"<p>Aquest dilluns 22 d&#8217;abril al mat\u00ed, hem traslladat l&#8217;activitat escolar a la biblioteca del Port de la Selva i a la Sala de Ball. I una de les activitats que hem fet, ha estat la de con\u00e8ixer una mica mica m\u00e9s de la hist\u00f2ria del nostre entorn. Per a aquesta sessi\u00f3, hem tingut la vista de l&#8217;Isidre Coromines i d&#8217;en Pere Toro. L&#8217;Isidre ens ha explicat una mica sobre la Vall de Santa Creu i les seves experi\u00e8ncies a aquest nucli. En Pere ens ha projectat alguns dels d\u00f2lmens i menhirs que tenim a la zona. Ens ha explicat on podem veure el gravat conegut com &#8220;el bruixot&#8221; i ens ha explicat que \u00faltimament han descobert un nou dolmen que properament es catalogar\u00e0 i es podr\u00e0 visitar. De ben segur que ho farem!<\/p>\n<p>Moltes gr\u00e0cies per a compartir els vostres coneixements amb nosaltres!<a href=\"https:\/\/drive.google.com\/drive\/folders\/1KyPPDZcizHoUjw8ue-qoelufT2pHeJhC?usp=drive_link\"><img loading=\"lazy\" decoding=\"async\" class=\"aligncenter size-large wp-image-7129\" src=\"https:\/\/agora.xtec.cat\/zer-capdecreus\/wp-content\/uploads\/usu1769\/2024\/04\/20240422_103356-1024x576.jpg\" alt=\"\" width=\"1024\" height=\"576\" srcset=\"https:\/\/agora.xtec.cat\/zer-capdecreus\/wp-content\/uploads\/usu1769\/2024\/04\/20240422_103356-1024x576.jpg 1024w, https:\/\/agora.xtec.cat\/zer-capdecreus\/wp-content\/uploads\/usu1769\/2024\/04\/20240422_103356-300x169.jpg 300w, https:\/\/agora.xtec.cat\/zer-capdecreus\/wp-content\/uploads\/usu1769\/2024\/04\/20240422_103356-768x432.jpg 768w, https:\/\/agora.xtec.cat\/zer-capdecreus\/wp-content\/uploads\/usu1769\/2024\/04\/20240422_103356-1536x864.jpg 1536w, https:\/\/agora.xtec.cat\/zer-capdecreus\/wp-content\/uploads\/usu1769\/2024\/04\/20240422_103356.jpg 2016w\" sizes=\"auto, (max-width: 1024px) 100vw, 1024px\" \/><\/a><\/p>\n<p>&nbsp;<\/p>\n<p>&nbsp;<\/p>\n","protected":false},"excerpt":{"rendered":"<p>Aquest dilluns 22 d&#8217;abril al mat\u00ed, hem traslladat l&#8217;activitat escolar a la biblioteca del Port de la Selva i a la Sala de Ball. I una de les activitats que hem fet, ha estat la de con\u00e8ixer una mica mica m\u00e9s de la hist\u00f2ria del&hellip;  <a href=\"https:\/\/agora.xtec.cat\/zer-capdecreus\/portada\/projecte-coneixem-la-historia-del-nostre-poble-vestigis-prehistorics-viii\/\" title=\"Read Projecte Coneixem la hist\u00f2ria del nostre poble. Vestigis prehist\u00f2rics (VIII)\">Llegeix m\u00e9s\u00bb<\/a><\/p>\n","protected":false},"author":1,"featured_media":7129,"comment_status":"open","ping_status":"closed","sticky":false,"template":"","format":"standard","meta":{"_bbp_topic_count":0,"_bbp_reply_count":0,"_bbp_total_topic_count":0,"_bbp_total_reply_count":0,"_bbp_voice_count":0,"_bbp_anonymous_reply_count":0,"_bbp_topic_count_hidden":0,"_bbp_reply_count_hidden":0,"_bbp_forum_subforum_count":0,"footnotes":""},"categories":[118,117,59,29],"tags":[],"class_list":["post-7128","post","type-post","status-publish","format-standard","has-post-thumbnail","hentry","category-cicle-mitja-clisques","category-cicle-superior-clisques","category-escola-clisques","category-portada"],"post_mailing_queue_ids":[],"_links":{"self":[{"href":"https:\/\/agora.xtec.cat\/zer-capdecreus\/wp-json\/wp\/v2\/posts\/7128","targetHints":{"allow":["GET"]}}],"collection":[{"href":"https:\/\/agora.xtec.cat\/zer-capdecreus\/wp-json\/wp\/v2\/posts"}],"about":[{"href":"https:\/\/agora.xtec.cat\/zer-capdecreus\/wp-json\/wp\/v2\/types\/post"}],"author":[{"embeddable":true,"href":"https:\/\/agora.xtec.cat\/zer-capdecreus\/wp-json\/wp\/v2\/users\/1"}],"replies":[{"embeddable":true,"href":"https:\/\/agora.xtec.cat\/zer-capdecreus\/wp-json\/wp\/v2\/comments?post=7128"}],"version-history":[{"count":3,"href":"https:\/\/agora.xtec.cat\/zer-capdecreus\/wp-json\/wp\/v2\/posts\/7128\/revisions"}],"predecessor-version":[{"id":7132,"href":"https:\/\/agora.xtec.cat\/zer-capdecreus\/wp-json\/wp\/v2\/posts\/7128\/revisions\/7132"}],"wp:featuredmedia":[{"embeddable":true,"href":"https:\/\/agora.xtec.cat\/zer-capdecreus\/wp-json\/wp\/v2\/media\/7129"}],"wp:attachment":[{"href":"https:\/\/agora.xtec.cat\/zer-capdecreus\/wp-json\/wp\/v2\/media?parent=7128"}],"wp:term":[{"taxonomy":"category","embeddable":true,"href":"https:\/\/agora.xtec.cat\/zer-capdecreus\/wp-json\/wp\/v2\/categories?post=7128"},{"taxonomy":"post_tag","embeddable":true,"href":"https:\/\/agora.xtec.cat\/zer-capdecreus\/wp-json\/wp\/v2\/tags?post=7128"}],"curies":[{"name":"wp","href":"https:\/\/api.w.org\/{rel}","templated":true}]}}