{"id":7091,"date":"2024-03-07T19:52:36","date_gmt":"2024-03-07T18:52:36","guid":{"rendered":"https:\/\/agora.xtec.cat\/zer-capdecreus\/?p=7091"},"modified":"2024-03-20T16:21:50","modified_gmt":"2024-03-20T15:21:50","slug":"projecte-coneixem-la-historia-del-nostre-poble-vocabulari-nautic-del-port-de-la-selva-vi","status":"publish","type":"post","link":"https:\/\/agora.xtec.cat\/zer-capdecreus\/portada\/projecte-coneixem-la-historia-del-nostre-poble-vocabulari-nautic-del-port-de-la-selva-vi\/","title":{"rendered":"Projecte Coneixem la hist\u00f2ria del nostre poble. Vocabulari n\u00e0utic del Port de la Selva (VI)"},"content":{"rendered":"<p>El passat dilluns 4 de mar\u00e7, vam tenir una nova cita amb l&#8217;Isidre Coromines aquesta vegada per a fer un rep\u00e0s dels termes de n\u00e0utica i algunes paraules nascudes i utilitzades al Port de la Selva.<\/p>\n<p><a href=\"https:\/\/agora.xtec.cat\/zer-capdecreus\/wp-content\/uploads\/usu1769\/2024\/03\/20240304_152054.jpg\"><img loading=\"lazy\" decoding=\"async\" class=\"aligncenter size-large wp-image-7092\" src=\"https:\/\/agora.xtec.cat\/zer-capdecreus\/wp-content\/uploads\/usu1769\/2024\/03\/20240304_152054-1024x576.jpg\" alt=\"\" width=\"1024\" height=\"576\" srcset=\"https:\/\/agora.xtec.cat\/zer-capdecreus\/wp-content\/uploads\/usu1769\/2024\/03\/20240304_152054-1024x576.jpg 1024w, https:\/\/agora.xtec.cat\/zer-capdecreus\/wp-content\/uploads\/usu1769\/2024\/03\/20240304_152054-300x169.jpg 300w, https:\/\/agora.xtec.cat\/zer-capdecreus\/wp-content\/uploads\/usu1769\/2024\/03\/20240304_152054-768x432.jpg 768w, https:\/\/agora.xtec.cat\/zer-capdecreus\/wp-content\/uploads\/usu1769\/2024\/03\/20240304_152054-1536x864.jpg 1536w, https:\/\/agora.xtec.cat\/zer-capdecreus\/wp-content\/uploads\/usu1769\/2024\/03\/20240304_152054.jpg 2016w\" sizes=\"auto, (max-width: 1024px) 100vw, 1024px\" \/><\/a><\/p>\n<p>Els termes que vam aprendre o repassar van ser:<\/p>\n<p><em>CAP<\/em> (i no corda)<\/p>\n<p><em>ATRACAR (una barca) <\/em>i no aparcar (una barca)<\/p>\n<p><em>ESCART &#8211; <\/em>Espai per a atracar una barca a la platja.<em> (&#8220;<\/em>Aparcament&#8221; d&#8217;una barca a la platja).<\/p>\n<p><em>MORENELL o NANSA &#8211; <\/em>Estri de pesca fet de jonc, v\u00edmet o canya. S&#8217;hi posava sardina o verat com a esquer. Es pescaven llagostes, llongants, o peixos varis. La GAMBINA era rodona.<\/p>\n<p><a href=\"https:\/\/agora.xtec.cat\/zer-capdecreus\/wp-content\/uploads\/usu1769\/2024\/03\/tipus_de_nanses.jpg\"><img loading=\"lazy\" decoding=\"async\" class=\"aligncenter wp-image-7094 size-medium\" src=\"https:\/\/agora.xtec.cat\/zer-capdecreus\/wp-content\/uploads\/usu1769\/2024\/03\/tipus_de_nanses-171x300.jpg\" alt=\"\" width=\"171\" height=\"300\" srcset=\"https:\/\/agora.xtec.cat\/zer-capdecreus\/wp-content\/uploads\/usu1769\/2024\/03\/tipus_de_nanses-171x300.jpg 171w, https:\/\/agora.xtec.cat\/zer-capdecreus\/wp-content\/uploads\/usu1769\/2024\/03\/tipus_de_nanses.jpg 224w\" sizes=\"auto, (max-width: 171px) 100vw, 171px\" \/><\/a><a href=\"https:\/\/agora.xtec.cat\/zer-capdecreus\/wp-content\/uploads\/usu1769\/2024\/03\/NANSA.jpg\"><img loading=\"lazy\" decoding=\"async\" class=\"aligncenter wp-image-7093 size-medium\" src=\"https:\/\/agora.xtec.cat\/zer-capdecreus\/wp-content\/uploads\/usu1769\/2024\/03\/NANSA-179x300.jpg\" alt=\"\" width=\"179\" height=\"300\" srcset=\"https:\/\/agora.xtec.cat\/zer-capdecreus\/wp-content\/uploads\/usu1769\/2024\/03\/NANSA-179x300.jpg 179w, https:\/\/agora.xtec.cat\/zer-capdecreus\/wp-content\/uploads\/usu1769\/2024\/03\/NANSA-612x1024.jpg 612w, https:\/\/agora.xtec.cat\/zer-capdecreus\/wp-content\/uploads\/usu1769\/2024\/03\/NANSA.jpg 665w\" sizes=\"auto, (max-width: 179px) 100vw, 179px\" \/><\/a><\/p>\n<p><em>MOLA (de peixos) &#8211; <\/em>Banc de peixos.<\/p>\n<p><a href=\"https:\/\/agora.xtec.cat\/zer-capdecreus\/wp-content\/uploads\/usu1769\/2024\/03\/mola-de-peixos.jpg\"><img loading=\"lazy\" decoding=\"async\" class=\"size-thumbnail wp-image-7104\" src=\"https:\/\/agora.xtec.cat\/zer-capdecreus\/wp-content\/uploads\/usu1769\/2024\/03\/mola-de-peixos-150x150.jpg\" alt=\"\" width=\"150\" height=\"150\" \/><\/a><\/p>\n<p>&nbsp;<\/p>\n<p><em>TRAIRE o FITORA<\/em> &#8211; Petita forca per a pescar. (Traire: m\u00e9s gran \/ Fitora: m\u00e9s petita).<\/p>\n<p><a href=\"https:\/\/agora.xtec.cat\/zer-capdecreus\/wp-content\/uploads\/usu1769\/2024\/03\/fitora.jpg\"><img loading=\"lazy\" decoding=\"async\" class=\"aligncenter size-thumbnail wp-image-7095\" src=\"https:\/\/agora.xtec.cat\/zer-capdecreus\/wp-content\/uploads\/usu1769\/2024\/03\/fitora-150x150.jpg\" alt=\"\" width=\"150\" height=\"150\" \/><\/a><em>PALANQUI &#8211; <\/em>Aparell utilitzat per a treure barques de l&#8217;aigua (multiplica la for\u00e7a de l&#8217;home per a moure la barca).<\/p>\n<p><a href=\"https:\/\/agora.xtec.cat\/zer-capdecreus\/wp-content\/uploads\/usu1769\/2024\/03\/palanqui.jpg\"><img loading=\"lazy\" decoding=\"async\" class=\"aligncenter size-thumbnail wp-image-7096\" src=\"https:\/\/agora.xtec.cat\/zer-capdecreus\/wp-content\/uploads\/usu1769\/2024\/03\/palanqui-150x150.jpg\" alt=\"\" width=\"150\" height=\"150\" \/><\/a><em>TIRAR (una barca) &#8211;<\/em> Pujar la barca a la platja.<\/p>\n<p><em>VARAR (una barca) &#8211;<\/em> Baixar la barca a mar.<\/p>\n<p><em>BARRA DE SEU &#8211; <\/em>Greix de vaca per\u00a0 tirar la barca. (Es deia: <em>&#8220;Una barra de seu tira per 10&#8243;&#8230; &#8220;i vara per 11!&#8221;).<\/em><\/p>\n<p><em>MOLL\u00d3 &#8211; <\/em>Construcci\u00f3 de pedra per atracar grans barques.<\/p>\n<p><em>BERGANT\u00cd<\/em> &#8211; Vaixell de vela de dos pals, major i trinquet.<\/p>\n<p><a href=\"https:\/\/agora.xtec.cat\/zer-capdecreus\/wp-content\/uploads\/usu1769\/2024\/03\/berganti.jpg\"><img loading=\"lazy\" decoding=\"async\" class=\"aligncenter wp-image-7097 size-full\" src=\"https:\/\/agora.xtec.cat\/zer-capdecreus\/wp-content\/uploads\/usu1769\/2024\/03\/berganti.jpg\" alt=\"\" width=\"284\" height=\"177\" \/><\/a><\/p>\n<p><em>PAILEBOT<\/em>&#8211; Goleta petita, rasa i fina, sense g\u00e0bies.<\/p>\n<p><a href=\"https:\/\/agora.xtec.cat\/zer-capdecreus\/wp-content\/uploads\/usu1769\/2024\/03\/PAILEBOT.jpg\"><img loading=\"lazy\" decoding=\"async\" class=\"aligncenter wp-image-7098 size-medium\" src=\"https:\/\/agora.xtec.cat\/zer-capdecreus\/wp-content\/uploads\/usu1769\/2024\/03\/PAILEBOT-300x175.jpg\" alt=\"\" width=\"300\" height=\"175\" srcset=\"https:\/\/agora.xtec.cat\/zer-capdecreus\/wp-content\/uploads\/usu1769\/2024\/03\/PAILEBOT-300x175.jpg 300w, https:\/\/agora.xtec.cat\/zer-capdecreus\/wp-content\/uploads\/usu1769\/2024\/03\/PAILEBOT.jpg 600w\" sizes=\"auto, (max-width: 300px) 100vw, 300px\" \/><\/a><\/p>\n","protected":false},"excerpt":{"rendered":"<p>El passat dilluns 4 de mar\u00e7, vam tenir una nova cita amb l&#8217;Isidre Coromines aquesta vegada per a fer un rep\u00e0s dels termes de n\u00e0utica i algunes paraules nascudes i utilitzades al Port de la Selva.<br \/>\n<a href=\"https:\/\/agora.xtec.cat\/zer-capdecreus\/wp-content\/uploads\/usu1769\/2024\/03\/20240304_152054.jpg\"><\/a><br \/>\nEls termes que vam aprendre o repassar van ser:<br \/>\nCAP&hellip;  <a href=\"https:\/\/agora.xtec.cat\/zer-capdecreus\/portada\/projecte-coneixem-la-historia-del-nostre-poble-vocabulari-nautic-del-port-de-la-selva-vi\/\" title=\"Read Projecte Coneixem la hist\u00f2ria del nostre poble. Vocabulari n\u00e0utic del Port de la Selva (VI)\">Llegeix m\u00e9s\u00bb<\/a><\/p>\n","protected":false},"author":1,"featured_media":7092,"comment_status":"open","ping_status":"closed","sticky":false,"template":"","format":"standard","meta":{"_bbp_topic_count":0,"_bbp_reply_count":0,"_bbp_total_topic_count":0,"_bbp_total_reply_count":0,"_bbp_voice_count":0,"_bbp_anonymous_reply_count":0,"_bbp_topic_count_hidden":0,"_bbp_reply_count_hidden":0,"_bbp_forum_subforum_count":0,"footnotes":""},"categories":[118,117,59,29],"tags":[],"class_list":["post-7091","post","type-post","status-publish","format-standard","has-post-thumbnail","hentry","category-cicle-mitja-clisques","category-cicle-superior-clisques","category-escola-clisques","category-portada"],"post_mailing_queue_ids":[],"_links":{"self":[{"href":"https:\/\/agora.xtec.cat\/zer-capdecreus\/wp-json\/wp\/v2\/posts\/7091","targetHints":{"allow":["GET"]}}],"collection":[{"href":"https:\/\/agora.xtec.cat\/zer-capdecreus\/wp-json\/wp\/v2\/posts"}],"about":[{"href":"https:\/\/agora.xtec.cat\/zer-capdecreus\/wp-json\/wp\/v2\/types\/post"}],"author":[{"embeddable":true,"href":"https:\/\/agora.xtec.cat\/zer-capdecreus\/wp-json\/wp\/v2\/users\/1"}],"replies":[{"embeddable":true,"href":"https:\/\/agora.xtec.cat\/zer-capdecreus\/wp-json\/wp\/v2\/comments?post=7091"}],"version-history":[{"count":2,"href":"https:\/\/agora.xtec.cat\/zer-capdecreus\/wp-json\/wp\/v2\/posts\/7091\/revisions"}],"predecessor-version":[{"id":7105,"href":"https:\/\/agora.xtec.cat\/zer-capdecreus\/wp-json\/wp\/v2\/posts\/7091\/revisions\/7105"}],"wp:featuredmedia":[{"embeddable":true,"href":"https:\/\/agora.xtec.cat\/zer-capdecreus\/wp-json\/wp\/v2\/media\/7092"}],"wp:attachment":[{"href":"https:\/\/agora.xtec.cat\/zer-capdecreus\/wp-json\/wp\/v2\/media?parent=7091"}],"wp:term":[{"taxonomy":"category","embeddable":true,"href":"https:\/\/agora.xtec.cat\/zer-capdecreus\/wp-json\/wp\/v2\/categories?post=7091"},{"taxonomy":"post_tag","embeddable":true,"href":"https:\/\/agora.xtec.cat\/zer-capdecreus\/wp-json\/wp\/v2\/tags?post=7091"}],"curies":[{"name":"wp","href":"https:\/\/api.w.org\/{rel}","templated":true}]}}