{"id":7065,"date":"2024-03-12T13:01:09","date_gmt":"2024-03-12T12:01:09","guid":{"rendered":"https:\/\/agora.xtec.cat\/zer-capdecreus\/?p=7065"},"modified":"2024-03-12T13:01:09","modified_gmt":"2024-03-12T12:01:09","slug":"visita-dels-alumnes-de-1r-a-la-biblioteca-municipal-escola-les-clisques","status":"publish","type":"post","link":"https:\/\/agora.xtec.cat\/zer-capdecreus\/portada\/visita-dels-alumnes-de-1r-a-la-biblioteca-municipal-escola-les-clisques\/","title":{"rendered":"Visita dels alumnes de 1r a la biblioteca municipal. Escola Les Clisques"},"content":{"rendered":"<p>El passat dijous 7 de mar\u00e7, els alumnes de 1r vam fer una visita a la biblioteca municipal on, la Mari, la bibliotec\u00e0ria, ens va explicar com funciona aquest servei. Ensa va explicar que els alumnes de 1r podem agafar en pr\u00e9stec els llibres amb etiqueta blava ja que s\u00f3n els adequats per a letors la nostra edat. Tamb\u00e9 ens va explicar que si un llibre el volem llegir a casa, ens el podem endur com a m\u00e0xim 1 mes, que l&#8217;hem de cuidar molt b\u00e9 i tornar-lo quan la l&#8217;hem llegit. Podem agafar fins a 3 llibres, per\u00f2 abans de fer tot aix\u00f2 cal que els pares omplin una fitxa amb les dades de cada nen, d&#8217;aquesta manera sempre es pot controlar qui t\u00e9 cada llibre i no perdre&#8217;ls. Despr\u00e9s de totes les explicacions vam poder llegir tant com vam voler. Moltes gr\u00e0cies Mari per les teves explicacions!<\/p>\n<p><a href=\"https:\/\/agora.xtec.cat\/zer-capdecreus\/wp-content\/uploads\/usu1769\/2024\/03\/WhatsApp-Image-2024-03-12-at-12.59.50.jpeg\"><img loading=\"lazy\" decoding=\"async\" class=\"aligncenter wp-image-7066 size-large\" src=\"https:\/\/agora.xtec.cat\/zer-capdecreus\/wp-content\/uploads\/usu1769\/2024\/03\/WhatsApp-Image-2024-03-12-at-12.59.50-1024x576.jpeg\" alt=\"\" width=\"1024\" height=\"576\" srcset=\"https:\/\/agora.xtec.cat\/zer-capdecreus\/wp-content\/uploads\/usu1769\/2024\/03\/WhatsApp-Image-2024-03-12-at-12.59.50-1024x576.jpeg 1024w, https:\/\/agora.xtec.cat\/zer-capdecreus\/wp-content\/uploads\/usu1769\/2024\/03\/WhatsApp-Image-2024-03-12-at-12.59.50-300x169.jpeg 300w, https:\/\/agora.xtec.cat\/zer-capdecreus\/wp-content\/uploads\/usu1769\/2024\/03\/WhatsApp-Image-2024-03-12-at-12.59.50-768x432.jpeg 768w, https:\/\/agora.xtec.cat\/zer-capdecreus\/wp-content\/uploads\/usu1769\/2024\/03\/WhatsApp-Image-2024-03-12-at-12.59.50-1536x864.jpeg 1536w, https:\/\/agora.xtec.cat\/zer-capdecreus\/wp-content\/uploads\/usu1769\/2024\/03\/WhatsApp-Image-2024-03-12-at-12.59.50.jpeg 2016w\" sizes=\"auto, (max-width: 1024px) 100vw, 1024px\" \/><\/a><\/p>\n","protected":false},"excerpt":{"rendered":"<p>El passat dijous 7 de mar\u00e7, els alumnes de 1r vam fer una visita a la biblioteca municipal on, la Mari, la bibliotec\u00e0ria, ens va explicar com funciona aquest servei. Ensa va explicar que els alumnes de 1r podem agafar en pr\u00e9stec els llibres amb&hellip;  <a href=\"https:\/\/agora.xtec.cat\/zer-capdecreus\/portada\/visita-dels-alumnes-de-1r-a-la-biblioteca-municipal-escola-les-clisques\/\" title=\"Read Visita dels alumnes de 1r a la biblioteca municipal. Escola Les Clisques\">Llegeix m\u00e9s\u00bb<\/a><\/p>\n","protected":false},"author":1,"featured_media":7066,"comment_status":"open","ping_status":"closed","sticky":false,"template":"","format":"standard","meta":{"_bbp_topic_count":0,"_bbp_reply_count":0,"_bbp_total_topic_count":0,"_bbp_total_reply_count":0,"_bbp_voice_count":0,"_bbp_anonymous_reply_count":0,"_bbp_topic_count_hidden":0,"_bbp_reply_count_hidden":0,"_bbp_forum_subforum_count":0,"footnotes":""},"categories":[116,59,29],"tags":[],"class_list":["post-7065","post","type-post","status-publish","format-standard","has-post-thumbnail","hentry","category-cicle-inicial-clisques","category-escola-clisques","category-portada"],"post_mailing_queue_ids":[],"_links":{"self":[{"href":"https:\/\/agora.xtec.cat\/zer-capdecreus\/wp-json\/wp\/v2\/posts\/7065","targetHints":{"allow":["GET"]}}],"collection":[{"href":"https:\/\/agora.xtec.cat\/zer-capdecreus\/wp-json\/wp\/v2\/posts"}],"about":[{"href":"https:\/\/agora.xtec.cat\/zer-capdecreus\/wp-json\/wp\/v2\/types\/post"}],"author":[{"embeddable":true,"href":"https:\/\/agora.xtec.cat\/zer-capdecreus\/wp-json\/wp\/v2\/users\/1"}],"replies":[{"embeddable":true,"href":"https:\/\/agora.xtec.cat\/zer-capdecreus\/wp-json\/wp\/v2\/comments?post=7065"}],"version-history":[{"count":1,"href":"https:\/\/agora.xtec.cat\/zer-capdecreus\/wp-json\/wp\/v2\/posts\/7065\/revisions"}],"predecessor-version":[{"id":7067,"href":"https:\/\/agora.xtec.cat\/zer-capdecreus\/wp-json\/wp\/v2\/posts\/7065\/revisions\/7067"}],"wp:featuredmedia":[{"embeddable":true,"href":"https:\/\/agora.xtec.cat\/zer-capdecreus\/wp-json\/wp\/v2\/media\/7066"}],"wp:attachment":[{"href":"https:\/\/agora.xtec.cat\/zer-capdecreus\/wp-json\/wp\/v2\/media?parent=7065"}],"wp:term":[{"taxonomy":"category","embeddable":true,"href":"https:\/\/agora.xtec.cat\/zer-capdecreus\/wp-json\/wp\/v2\/categories?post=7065"},{"taxonomy":"post_tag","embeddable":true,"href":"https:\/\/agora.xtec.cat\/zer-capdecreus\/wp-json\/wp\/v2\/tags?post=7065"}],"curies":[{"name":"wp","href":"https:\/\/api.w.org\/{rel}","templated":true}]}}