{"id":7044,"date":"2024-02-29T13:26:51","date_gmt":"2024-02-29T12:26:51","guid":{"rendered":"https:\/\/agora.xtec.cat\/zer-capdecreus\/?p=7044"},"modified":"2024-03-04T13:27:58","modified_gmt":"2024-03-04T12:27:58","slug":"projecte-enfaunat-descobrim-els-animals-del-nostre-entorn-ii-escola-les-clisques","status":"publish","type":"post","link":"https:\/\/agora.xtec.cat\/zer-capdecreus\/portada\/projecte-enfaunat-descobrim-els-animals-del-nostre-entorn-ii-escola-les-clisques\/","title":{"rendered":"Projecte Enfauna\u2019t. Descobrim els animals del nostre entorn! (II) Escola Les Clisques"},"content":{"rendered":"<div class=\"hJDwNd-AhqUyc-OiUrBf Ft7HRd-AhqUyc-OiUrBf purZT-AhqUyc-II5mzb ZcASvf-AhqUyc-II5mzb pSzOP-AhqUyc-qWD73c Ktthjf-AhqUyc-qWD73c JNdkSc SQVYQc\">\n<div class=\"JNdkSc-SmKAyb LkDMRd\">\n<div class=\"\">\n<div class=\"oKdM2c ZZyype Kzv0Me\">\n<div id=\"h.7809ccfd07b8969d_6\" class=\"hJDwNd-AhqUyc-OiUrBf Ft7HRd-AhqUyc-OiUrBf jXK9ad D2fZ2 zu5uec OjCsFc dmUFtb wHaque g5GTcb\">\n<div class=\"jXK9ad-SmKAyb\">\n<div class=\"tyJCtd mGzaTb Depvyb baZpAe\">\n<p class=\"zfr3Q CDt4Ke \" dir=\"ltr\"><span class=\"C9DxTc \">El dim<\/span><span class=\"C9DxTc \">arts 27 de febrer vam anar a recollir la c\u00e0mera. L&#8217;endem\u00e0 a l&#8217;escola vam revisar el v\u00eddeos i les fotos recollides i hem trobat un v\u00eddeo d&#8217;una guineu. El resultat ha estat que de 68 fotos i v\u00eddeos, nom\u00e9s 1 ha estat d&#8217;un animal. No tenim clar si es tracta d&#8217;un gos o d&#8217;una guineu.\u00a0<\/span><\/p>\n<p class=\"zfr3Q CDt4Ke \" dir=\"ltr\"><span class=\"C9DxTc \">D&#8217;aquesta experi\u00e8ncia hem apr\u00e8s 2 coses:\u00a0<\/span><\/p>\n<ul class=\"n8H08c UVNKR \">\n<li class=\"zfr3Q TYR86d eD0Rn \" dir=\"ltr\">\n<p class=\"zfr3Q CDt4Ke \" dir=\"ltr\" role=\"presentation\"><span class=\"C9DxTc \">No hem d&#8217;encarar la c\u00e0mera cap al punt cardinal de l&#8217;est.<\/span><\/p>\n<\/li>\n<li class=\"zfr3Q TYR86d eD0Rn \" dir=\"ltr\">\n<p class=\"zfr3Q CDt4Ke \" dir=\"ltr\" role=\"presentation\"><span class=\"C9DxTc \">Hem d&#8217;encarar la c\u00e0mera cap on no hi hagi branques perqu\u00e8 si no, amb el vent es mouen i la c\u00e0mera les detecta.<\/span><\/p>\n<\/li>\n<\/ul>\n<p class=\"zfr3Q CDt4Ke \" dir=\"ltr\"><span class=\"C9DxTc \">Us deixem el v\u00eddeo de l&#8217;\u00fanica captura que hem pogut aprofitar.<\/span><\/p>\n<p dir=\"ltr\"><a href=\"https:\/\/drive.google.com\/file\/d\/19YMJhLq_5crYX7BAH3YW-Fswg_2T0wD6\/view?usp=drive_link\"><img loading=\"lazy\" decoding=\"async\" class=\"CENy8b aligncenter\" src=\"https:\/\/lh5.googleusercontent.com\/jRpr4xdaYZKVUG26oXYpe3GSYYZIqrX-5aJXQ6rBh_0QJfo5rhj4wZjhDi2sX_7WvsAfrHsxpjhZdtnrmt24-eIycNzLvBX6MaPsR1DiIMNInt9LtN2dI5WuHpCQncmiYQ=w1280\" alt=\"\" width=\"546\" height=\"296\" \/><\/a><\/p>\n<\/div>\n<\/div>\n<\/div>\n<\/div>\n<\/div>\n<\/div>\n<\/div>\n","protected":false},"excerpt":{"rendered":"<p>El dimarts 27 de febrer vam anar a recollir la c\u00e0mera. L&#8217;endem\u00e0 a l&#8217;escola vam revisar el v\u00eddeos i les fotos recollides i hem trobat un v\u00eddeo d&#8217;una guineu. El resultat ha estat que de 68 fotos i v\u00eddeos, nom\u00e9s 1 ha estat d&#8217;un animal.&hellip;  <a href=\"https:\/\/agora.xtec.cat\/zer-capdecreus\/portada\/projecte-enfaunat-descobrim-els-animals-del-nostre-entorn-ii-escola-les-clisques\/\" title=\"Read Projecte Enfauna\u2019t. Descobrim els animals del nostre entorn! (II) Escola Les Clisques\">Llegeix m\u00e9s\u00bb<\/a><\/p>\n","protected":false},"author":1,"featured_media":7045,"comment_status":"open","ping_status":"closed","sticky":false,"template":"","format":"standard","meta":{"_bbp_topic_count":0,"_bbp_reply_count":0,"_bbp_total_topic_count":0,"_bbp_total_reply_count":0,"_bbp_voice_count":0,"_bbp_anonymous_reply_count":0,"_bbp_topic_count_hidden":0,"_bbp_reply_count_hidden":0,"_bbp_forum_subforum_count":0,"footnotes":""},"categories":[118,117,59,29,218],"tags":[],"class_list":["post-7044","post","type-post","status-publish","format-standard","has-post-thumbnail","hentry","category-cicle-mitja-clisques","category-cicle-superior-clisques","category-escola-clisques","category-portada","category-projecte-enfaunat"],"post_mailing_queue_ids":[],"_links":{"self":[{"href":"https:\/\/agora.xtec.cat\/zer-capdecreus\/wp-json\/wp\/v2\/posts\/7044","targetHints":{"allow":["GET"]}}],"collection":[{"href":"https:\/\/agora.xtec.cat\/zer-capdecreus\/wp-json\/wp\/v2\/posts"}],"about":[{"href":"https:\/\/agora.xtec.cat\/zer-capdecreus\/wp-json\/wp\/v2\/types\/post"}],"author":[{"embeddable":true,"href":"https:\/\/agora.xtec.cat\/zer-capdecreus\/wp-json\/wp\/v2\/users\/1"}],"replies":[{"embeddable":true,"href":"https:\/\/agora.xtec.cat\/zer-capdecreus\/wp-json\/wp\/v2\/comments?post=7044"}],"version-history":[{"count":1,"href":"https:\/\/agora.xtec.cat\/zer-capdecreus\/wp-json\/wp\/v2\/posts\/7044\/revisions"}],"predecessor-version":[{"id":7046,"href":"https:\/\/agora.xtec.cat\/zer-capdecreus\/wp-json\/wp\/v2\/posts\/7044\/revisions\/7046"}],"wp:featuredmedia":[{"embeddable":true,"href":"https:\/\/agora.xtec.cat\/zer-capdecreus\/wp-json\/wp\/v2\/media\/7045"}],"wp:attachment":[{"href":"https:\/\/agora.xtec.cat\/zer-capdecreus\/wp-json\/wp\/v2\/media?parent=7044"}],"wp:term":[{"taxonomy":"category","embeddable":true,"href":"https:\/\/agora.xtec.cat\/zer-capdecreus\/wp-json\/wp\/v2\/categories?post=7044"},{"taxonomy":"post_tag","embeddable":true,"href":"https:\/\/agora.xtec.cat\/zer-capdecreus\/wp-json\/wp\/v2\/tags?post=7044"}],"curies":[{"name":"wp","href":"https:\/\/api.w.org\/{rel}","templated":true}]}}