{"id":7034,"date":"2024-02-27T13:46:45","date_gmt":"2024-02-27T12:46:45","guid":{"rendered":"https:\/\/agora.xtec.cat\/zer-capdecreus\/?p=7034"},"modified":"2024-02-27T13:46:45","modified_gmt":"2024-02-27T12:46:45","slug":"projecte-coneixem-la-historia-del-nostre-poble-lahir-i-lavui-taller-de-fotografia-antiga-iv","status":"publish","type":"post","link":"https:\/\/agora.xtec.cat\/zer-capdecreus\/portada\/projecte-coneixem-la-historia-del-nostre-poble-lahir-i-lavui-taller-de-fotografia-antiga-iv\/","title":{"rendered":"Projecte Coneixem la hist\u00f2ria del nostre poble. L\u2019ahir i l\u2019avui. Taller de fotografia antiga (IV)"},"content":{"rendered":"<p>El passat dijous 22 de febrer, els alumnes de 4rt van gaudir d&#8217;una nova sortida aprenent la hist\u00f2ria del Port de la Selva. En aquesta ocasi\u00f3, l&#8217;Isidre va centrar la seva explicaci\u00f3 al sector que abra\u00e7a la pla\u00e7a d&#8217;en Pol Nadal i Mallol, el sector de la confraria de pescadors i la pla\u00e7a del Dr. Oriol.<\/p>\n<p>En aquest recorregut, vam revisar fotografies antigues i en vam fer, com sempre, la comparaci\u00f3 amb l&#8217;actualitat. Tamb\u00e9 vam poder entrar a la confraria de pescadors on, per sorpresa nostra, hi vam trobar investigadors de la universitat de Barcelona i ens van explicar que estan aplicant un pla de recuperaci\u00f3 de gorg\u00f2nies i corall a la zona del Cap de Creus. A la confraria hi han instal\u00b7lat uns vivers amb gorg\u00f2nies i corall que es recullen, accidentalment, les barques de pesca. Com que el grup de 4rt estan treballant aquest tema, ens vam citar per a con\u00e8ixer millor aquesta actuaci\u00f3.<\/p>\n<p>Avui, us deixem imatges, i tamb\u00e9 uns v\u00eddeos.<\/p>\n<p><a href=\"https:\/\/drive.google.com\/drive\/folders\/1jDWfDvn7p_5mLC3Lapr83Hfy0xbtqRAy?usp=drive_link\"><img loading=\"lazy\" decoding=\"async\" class=\"aligncenter size-medium wp-image-7035\" src=\"https:\/\/agora.xtec.cat\/zer-capdecreus\/wp-content\/uploads\/usu1769\/2024\/02\/20240222_153656-300x169.jpg\" alt=\"\" width=\"300\" height=\"169\" srcset=\"https:\/\/agora.xtec.cat\/zer-capdecreus\/wp-content\/uploads\/usu1769\/2024\/02\/20240222_153656-300x169.jpg 300w, https:\/\/agora.xtec.cat\/zer-capdecreus\/wp-content\/uploads\/usu1769\/2024\/02\/20240222_153656-1024x576.jpg 1024w, https:\/\/agora.xtec.cat\/zer-capdecreus\/wp-content\/uploads\/usu1769\/2024\/02\/20240222_153656-768x432.jpg 768w, https:\/\/agora.xtec.cat\/zer-capdecreus\/wp-content\/uploads\/usu1769\/2024\/02\/20240222_153656-1536x864.jpg 1536w, https:\/\/agora.xtec.cat\/zer-capdecreus\/wp-content\/uploads\/usu1769\/2024\/02\/20240222_153656.jpg 2016w\" sizes=\"auto, (max-width: 300px) 100vw, 300px\" \/><\/a><\/p>\n<p style=\"text-align: center;\"><em>Clica la imatge per a accedir al recull de v\u00eddeos i imatges.<\/em><\/p>\n","protected":false},"excerpt":{"rendered":"<p>El passat dijous 22 de febrer, els alumnes de 4rt van gaudir d&#8217;una nova sortida aprenent la hist\u00f2ria del Port de la Selva. En aquesta ocasi\u00f3, l&#8217;Isidre va centrar la seva explicaci\u00f3 al sector que abra\u00e7a la pla\u00e7a d&#8217;en Pol Nadal i Mallol, el sector&hellip;  <a href=\"https:\/\/agora.xtec.cat\/zer-capdecreus\/portada\/projecte-coneixem-la-historia-del-nostre-poble-lahir-i-lavui-taller-de-fotografia-antiga-iv\/\" title=\"Read Projecte Coneixem la hist\u00f2ria del nostre poble. L\u2019ahir i l\u2019avui. Taller de fotografia antiga (IV)\">Llegeix m\u00e9s\u00bb<\/a><\/p>\n","protected":false},"author":1,"featured_media":7035,"comment_status":"open","ping_status":"closed","sticky":false,"template":"","format":"standard","meta":{"_bbp_topic_count":0,"_bbp_reply_count":0,"_bbp_total_topic_count":0,"_bbp_total_reply_count":0,"_bbp_voice_count":0,"_bbp_anonymous_reply_count":0,"_bbp_topic_count_hidden":0,"_bbp_reply_count_hidden":0,"_bbp_forum_subforum_count":0,"footnotes":""},"categories":[118,59,29],"tags":[],"class_list":["post-7034","post","type-post","status-publish","format-standard","has-post-thumbnail","hentry","category-cicle-mitja-clisques","category-escola-clisques","category-portada"],"post_mailing_queue_ids":[],"_links":{"self":[{"href":"https:\/\/agora.xtec.cat\/zer-capdecreus\/wp-json\/wp\/v2\/posts\/7034","targetHints":{"allow":["GET"]}}],"collection":[{"href":"https:\/\/agora.xtec.cat\/zer-capdecreus\/wp-json\/wp\/v2\/posts"}],"about":[{"href":"https:\/\/agora.xtec.cat\/zer-capdecreus\/wp-json\/wp\/v2\/types\/post"}],"author":[{"embeddable":true,"href":"https:\/\/agora.xtec.cat\/zer-capdecreus\/wp-json\/wp\/v2\/users\/1"}],"replies":[{"embeddable":true,"href":"https:\/\/agora.xtec.cat\/zer-capdecreus\/wp-json\/wp\/v2\/comments?post=7034"}],"version-history":[{"count":1,"href":"https:\/\/agora.xtec.cat\/zer-capdecreus\/wp-json\/wp\/v2\/posts\/7034\/revisions"}],"predecessor-version":[{"id":7036,"href":"https:\/\/agora.xtec.cat\/zer-capdecreus\/wp-json\/wp\/v2\/posts\/7034\/revisions\/7036"}],"wp:featuredmedia":[{"embeddable":true,"href":"https:\/\/agora.xtec.cat\/zer-capdecreus\/wp-json\/wp\/v2\/media\/7035"}],"wp:attachment":[{"href":"https:\/\/agora.xtec.cat\/zer-capdecreus\/wp-json\/wp\/v2\/media?parent=7034"}],"wp:term":[{"taxonomy":"category","embeddable":true,"href":"https:\/\/agora.xtec.cat\/zer-capdecreus\/wp-json\/wp\/v2\/categories?post=7034"},{"taxonomy":"post_tag","embeddable":true,"href":"https:\/\/agora.xtec.cat\/zer-capdecreus\/wp-json\/wp\/v2\/tags?post=7034"}],"curies":[{"name":"wp","href":"https:\/\/api.w.org\/{rel}","templated":true}]}}