{"id":7030,"date":"2024-02-26T22:28:20","date_gmt":"2024-02-26T21:28:20","guid":{"rendered":"https:\/\/agora.xtec.cat\/zer-capdecreus\/?p=7030"},"modified":"2024-02-27T13:29:00","modified_gmt":"2024-02-27T12:29:00","slug":"projecte-coneixem-la-historia-del-nostre-poble-lahir-i-lavui-taller-de-fotografia-antiga-iii","status":"publish","type":"post","link":"https:\/\/agora.xtec.cat\/zer-capdecreus\/portada\/projecte-coneixem-la-historia-del-nostre-poble-lahir-i-lavui-taller-de-fotografia-antiga-iii\/","title":{"rendered":"Projecte Coneixem la hist\u00f2ria del nostre poble. L\u2019ahir i l\u2019avui. Taller de fotografia antiga (III)"},"content":{"rendered":"<p>Aquest dilluns12 de febrer, va ser el torn dels alumnes de 4rt i 2n de rebre les explicacions de l&#8217;Isidre Coromines sobre la hist\u00f2ria del Port de la Selva. Per\u00f2 en aquesta ocasi\u00f3, i com que amb l&#8217;Isidre mai es repeteix exactament la mateixa activitat, ens va portar una revista francesa amb un article sobre el Port de la Selva i l&#8217;anomenada <em>Rep\u00fablica independent del Cap de Creus. <\/em>En ella hi vam poder observar la imatge de la zona del port d&#8217;en Balleu molt i molt diferent. Amb la platja tocant el mateix caf\u00e8 de la Marina. Molt interessant.<\/p>\n<p>En aquesta ocasi\u00f3 vam fer el mateix taller de fotografies antigues i explicacions sobre el vocabulari mar\u00edtim i vam intentar imaginar-nos com era aquesta fa\u00e7ana mar\u00edtima tant diferent de com \u00e9s actualment.<\/p>\n<p>Finalment vam poder retrobar la protagonista d&#8217;una de les fotografies despr\u00e9s d&#8217;uns quants anys!<\/p>\n<p style=\"text-align: center;\"><a href=\"https:\/\/drive.google.com\/drive\/folders\/1hleJkOfLl0hLX9cLntjyyPQqLf_vSZpy?usp=sharing\"><img loading=\"lazy\" decoding=\"async\" class=\"aligncenter size-medium wp-image-7031\" src=\"https:\/\/agora.xtec.cat\/zer-capdecreus\/wp-content\/uploads\/usu1769\/2024\/02\/20240212_162800-300x169.jpg\" alt=\"\" width=\"300\" height=\"169\" srcset=\"https:\/\/agora.xtec.cat\/zer-capdecreus\/wp-content\/uploads\/usu1769\/2024\/02\/20240212_162800-300x169.jpg 300w, https:\/\/agora.xtec.cat\/zer-capdecreus\/wp-content\/uploads\/usu1769\/2024\/02\/20240212_162800-1024x576.jpg 1024w, https:\/\/agora.xtec.cat\/zer-capdecreus\/wp-content\/uploads\/usu1769\/2024\/02\/20240212_162800-768x432.jpg 768w, https:\/\/agora.xtec.cat\/zer-capdecreus\/wp-content\/uploads\/usu1769\/2024\/02\/20240212_162800-1536x864.jpg 1536w, https:\/\/agora.xtec.cat\/zer-capdecreus\/wp-content\/uploads\/usu1769\/2024\/02\/20240212_162800.jpg 2016w\" sizes=\"auto, (max-width: 300px) 100vw, 300px\" \/><\/a><em>Clica sobre la fotografia per accedir al recull de fotografies.<\/em><\/p>\n","protected":false},"excerpt":{"rendered":"<p>Aquest dilluns12 de febrer, va ser el torn dels alumnes de 4rt i 2n de rebre les explicacions de l&#8217;Isidre Coromines sobre la hist\u00f2ria del Port de la Selva. Per\u00f2 en aquesta ocasi\u00f3, i com que amb l&#8217;Isidre mai es repeteix exactament la mateixa activitat,&hellip;  <a href=\"https:\/\/agora.xtec.cat\/zer-capdecreus\/portada\/projecte-coneixem-la-historia-del-nostre-poble-lahir-i-lavui-taller-de-fotografia-antiga-iii\/\" title=\"Read Projecte Coneixem la hist\u00f2ria del nostre poble. L\u2019ahir i l\u2019avui. Taller de fotografia antiga (III)\">Llegeix m\u00e9s\u00bb<\/a><\/p>\n","protected":false},"author":1,"featured_media":7031,"comment_status":"open","ping_status":"closed","sticky":false,"template":"","format":"standard","meta":{"_bbp_topic_count":0,"_bbp_reply_count":0,"_bbp_total_topic_count":0,"_bbp_total_reply_count":0,"_bbp_voice_count":0,"_bbp_anonymous_reply_count":0,"_bbp_topic_count_hidden":0,"_bbp_reply_count_hidden":0,"_bbp_forum_subforum_count":0,"footnotes":""},"categories":[116,118,59,29],"tags":[],"class_list":["post-7030","post","type-post","status-publish","format-standard","has-post-thumbnail","hentry","category-cicle-inicial-clisques","category-cicle-mitja-clisques","category-escola-clisques","category-portada"],"post_mailing_queue_ids":[],"_links":{"self":[{"href":"https:\/\/agora.xtec.cat\/zer-capdecreus\/wp-json\/wp\/v2\/posts\/7030","targetHints":{"allow":["GET"]}}],"collection":[{"href":"https:\/\/agora.xtec.cat\/zer-capdecreus\/wp-json\/wp\/v2\/posts"}],"about":[{"href":"https:\/\/agora.xtec.cat\/zer-capdecreus\/wp-json\/wp\/v2\/types\/post"}],"author":[{"embeddable":true,"href":"https:\/\/agora.xtec.cat\/zer-capdecreus\/wp-json\/wp\/v2\/users\/1"}],"replies":[{"embeddable":true,"href":"https:\/\/agora.xtec.cat\/zer-capdecreus\/wp-json\/wp\/v2\/comments?post=7030"}],"version-history":[{"count":2,"href":"https:\/\/agora.xtec.cat\/zer-capdecreus\/wp-json\/wp\/v2\/posts\/7030\/revisions"}],"predecessor-version":[{"id":7033,"href":"https:\/\/agora.xtec.cat\/zer-capdecreus\/wp-json\/wp\/v2\/posts\/7030\/revisions\/7033"}],"wp:featuredmedia":[{"embeddable":true,"href":"https:\/\/agora.xtec.cat\/zer-capdecreus\/wp-json\/wp\/v2\/media\/7031"}],"wp:attachment":[{"href":"https:\/\/agora.xtec.cat\/zer-capdecreus\/wp-json\/wp\/v2\/media?parent=7030"}],"wp:term":[{"taxonomy":"category","embeddable":true,"href":"https:\/\/agora.xtec.cat\/zer-capdecreus\/wp-json\/wp\/v2\/categories?post=7030"},{"taxonomy":"post_tag","embeddable":true,"href":"https:\/\/agora.xtec.cat\/zer-capdecreus\/wp-json\/wp\/v2\/tags?post=7030"}],"curies":[{"name":"wp","href":"https:\/\/api.w.org\/{rel}","templated":true}]}}