{"id":7026,"date":"2024-02-08T22:01:23","date_gmt":"2024-02-08T21:01:23","guid":{"rendered":"https:\/\/agora.xtec.cat\/zer-capdecreus\/?p=7026"},"modified":"2024-02-26T22:29:03","modified_gmt":"2024-02-26T21:29:03","slug":"projecte-coneixem-la-historia-del-nostre-poble-lahir-i-lavui-taller-de-fotografia-antiga-ii","status":"publish","type":"post","link":"https:\/\/agora.xtec.cat\/zer-capdecreus\/portada\/projecte-coneixem-la-historia-del-nostre-poble-lahir-i-lavui-taller-de-fotografia-antiga-ii\/","title":{"rendered":"Projecte Coneixem la hist\u00f2ria del nostre poble. L\u2019ahir i l\u2019avui. Taller de fotografia antiga (II)"},"content":{"rendered":"<p>El passat 8 de febrer, els alumnes de cicle superior vam continuar la ruta hist\u00f2rica i fotogr\u00e0fica pel Port de la Selva. En aquesta ocasi\u00f3, l&#8217;Isidre ens va explicar la hist\u00f2ria de la pla\u00e7a d&#8217;en Pol Nadal i Mallol. Revisant les fotografies antigues, va poder observar com ha canviat la pla\u00e7a i la platja d&#8217;Aqu\u00ed de Sota. De la pla\u00e7a, n&#8217;hem pogut con\u00e8ixer que hi havia una font, que s&#8217;havia de bombar amb una palanca, aquesta, avui desapareguda, els nens de l&#8217;\u00e8poca en recorden el mal que se feien al bombar-la i picant amb la ma a la pedra. Tamb\u00e9 vam con\u00e8ixer que els carrer de la Roqueta, era un pas de bestiar, una carrerada, on hi passaven molts ramats i degut als excrements que deixava el bestiar all\u00e0, en deien el carrer de les cagarrines.<\/p>\n<p>Us deixem un petit recull fotogr\u00e0fic.<\/p>\n<p style=\"text-align: center;\"><a href=\"https:\/\/drive.google.com\/drive\/folders\/1hUwX9uxo74PcY1OOqognHnAscVdNym9q?usp=drive_link\"><img loading=\"lazy\" decoding=\"async\" class=\"aligncenter size-medium wp-image-7027\" src=\"https:\/\/agora.xtec.cat\/zer-capdecreus\/wp-content\/uploads\/usu1769\/2024\/02\/20240208_154931-300x169.jpg\" alt=\"\" width=\"300\" height=\"169\" srcset=\"https:\/\/agora.xtec.cat\/zer-capdecreus\/wp-content\/uploads\/usu1769\/2024\/02\/20240208_154931-300x169.jpg 300w, https:\/\/agora.xtec.cat\/zer-capdecreus\/wp-content\/uploads\/usu1769\/2024\/02\/20240208_154931-1024x576.jpg 1024w, https:\/\/agora.xtec.cat\/zer-capdecreus\/wp-content\/uploads\/usu1769\/2024\/02\/20240208_154931-768x432.jpg 768w, https:\/\/agora.xtec.cat\/zer-capdecreus\/wp-content\/uploads\/usu1769\/2024\/02\/20240208_154931-1536x864.jpg 1536w, https:\/\/agora.xtec.cat\/zer-capdecreus\/wp-content\/uploads\/usu1769\/2024\/02\/20240208_154931.jpg 2016w\" sizes=\"auto, (max-width: 300px) 100vw, 300px\" \/><\/a><em>Clica la imatge per a accedir al recull fotogr\u00e0fic.<\/em><\/p>\n","protected":false},"excerpt":{"rendered":"<p>El passat 8 de febrer, els alumnes de cicle superior vam continuar la ruta hist\u00f2rica i fotogr\u00e0fica pel Port de la Selva. En aquesta ocasi\u00f3, l&#8217;Isidre ens va explicar la hist\u00f2ria de la pla\u00e7a d&#8217;en Pol Nadal i Mallol. Revisant les fotografies antigues, va poder&hellip;  <a href=\"https:\/\/agora.xtec.cat\/zer-capdecreus\/portada\/projecte-coneixem-la-historia-del-nostre-poble-lahir-i-lavui-taller-de-fotografia-antiga-ii\/\" title=\"Read Projecte Coneixem la hist\u00f2ria del nostre poble. L\u2019ahir i l\u2019avui. Taller de fotografia antiga (II)\">Llegeix m\u00e9s\u00bb<\/a><\/p>\n","protected":false},"author":1,"featured_media":7027,"comment_status":"open","ping_status":"closed","sticky":false,"template":"","format":"standard","meta":{"_bbp_topic_count":0,"_bbp_reply_count":0,"_bbp_total_topic_count":0,"_bbp_total_reply_count":0,"_bbp_voice_count":0,"_bbp_anonymous_reply_count":0,"_bbp_topic_count_hidden":0,"_bbp_reply_count_hidden":0,"_bbp_forum_subforum_count":0,"footnotes":""},"categories":[117,59,29],"tags":[],"class_list":["post-7026","post","type-post","status-publish","format-standard","has-post-thumbnail","hentry","category-cicle-superior-clisques","category-escola-clisques","category-portada"],"post_mailing_queue_ids":[],"_links":{"self":[{"href":"https:\/\/agora.xtec.cat\/zer-capdecreus\/wp-json\/wp\/v2\/posts\/7026","targetHints":{"allow":["GET"]}}],"collection":[{"href":"https:\/\/agora.xtec.cat\/zer-capdecreus\/wp-json\/wp\/v2\/posts"}],"about":[{"href":"https:\/\/agora.xtec.cat\/zer-capdecreus\/wp-json\/wp\/v2\/types\/post"}],"author":[{"embeddable":true,"href":"https:\/\/agora.xtec.cat\/zer-capdecreus\/wp-json\/wp\/v2\/users\/1"}],"replies":[{"embeddable":true,"href":"https:\/\/agora.xtec.cat\/zer-capdecreus\/wp-json\/wp\/v2\/comments?post=7026"}],"version-history":[{"count":2,"href":"https:\/\/agora.xtec.cat\/zer-capdecreus\/wp-json\/wp\/v2\/posts\/7026\/revisions"}],"predecessor-version":[{"id":7029,"href":"https:\/\/agora.xtec.cat\/zer-capdecreus\/wp-json\/wp\/v2\/posts\/7026\/revisions\/7029"}],"wp:featuredmedia":[{"embeddable":true,"href":"https:\/\/agora.xtec.cat\/zer-capdecreus\/wp-json\/wp\/v2\/media\/7027"}],"wp:attachment":[{"href":"https:\/\/agora.xtec.cat\/zer-capdecreus\/wp-json\/wp\/v2\/media?parent=7026"}],"wp:term":[{"taxonomy":"category","embeddable":true,"href":"https:\/\/agora.xtec.cat\/zer-capdecreus\/wp-json\/wp\/v2\/categories?post=7026"},{"taxonomy":"post_tag","embeddable":true,"href":"https:\/\/agora.xtec.cat\/zer-capdecreus\/wp-json\/wp\/v2\/tags?post=7026"}],"curies":[{"name":"wp","href":"https:\/\/api.w.org\/{rel}","templated":true}]}}