{"id":7006,"date":"2024-02-05T12:25:04","date_gmt":"2024-02-05T11:25:04","guid":{"rendered":"https:\/\/agora.xtec.cat\/zer-capdecreus\/?p=7006"},"modified":"2024-02-05T12:46:00","modified_gmt":"2024-02-05T11:46:00","slug":"projecte-coneixem-la-historia-del-nostre-poble-lahir-i-lavui-taller-de-fotografia-antiga","status":"publish","type":"post","link":"https:\/\/agora.xtec.cat\/zer-capdecreus\/portada\/projecte-coneixem-la-historia-del-nostre-poble-lahir-i-lavui-taller-de-fotografia-antiga\/","title":{"rendered":"Projecte Coneixem la hist\u00f2ria del nostre poble. L&#8217;ahir i l&#8217;avui. Taller de fotografia antiga"},"content":{"rendered":"<p>El passat dijous 25 de gener, els alumnes de cicle superior vam rebre la visita de l&#8217;Isidre Coromines. L&#8217;Isidre, gran coneixedor de la hist\u00f2ria del poble i autor de varis llibres sobre el Port de la Selva, ens va preparar un itinerari per la fa\u00e7ana mar\u00edtima i ens va explicar la metamorfosi d&#8217;alguns espais que ara ens costa identificar.<\/p>\n<p>La nostra idea, era la d&#8217;observar fotografies antigues del Port de la Selva, deduir i localitzar el lloc des d&#8217;on es van fer i intentar fer la mateixa fotografia per\u00f2, evidentment, des de l&#8217;actualitat.<\/p>\n<p>Per fer-ho vam utilitzar imatges hist\u00f2riques, tauletes amb un programa de superposicions d&#8217;imatges i llibres d&#8217;hist\u00f2ria del mateix Isidre.<\/p>\n<p>La nostra sorpresa va ser poder veure com han canviat alguns dels edificis antics i com d&#8217;altres mantenen el mateix aspecte.<\/p>\n<p>La sortida ens va servir, tamb\u00e9, per aprendre vocabulari com <em>moll\u00f3<\/em>, <em>bergant\u00ed<\/em>, <em>pailebot<\/em>, el nom d&#8217;algunes cases i con\u00e8ixer alguns projectes que no es van arribar a materialitzar mai. Esperem poder fer un bon recull d&#8217;informacions i coneixements que de ben segur que us explicarem.<\/p>\n<p style=\"text-align: center;\"><a href=\"https:\/\/drive.google.com\/drive\/folders\/1UPJ6F5b7IJuR9TsFiS741uviJS6Foy8l?usp=drive_link\"><img loading=\"lazy\" decoding=\"async\" class=\"aligncenter wp-image-7007 size-large\" src=\"https:\/\/agora.xtec.cat\/zer-capdecreus\/wp-content\/uploads\/usu1769\/2024\/02\/20240125_153604-scaled-e1707131523155-1024x576.jpg\" alt=\"\" width=\"1024\" height=\"576\" srcset=\"https:\/\/agora.xtec.cat\/zer-capdecreus\/wp-content\/uploads\/usu1769\/2024\/02\/20240125_153604-scaled-e1707131523155-1024x576.jpg 1024w, https:\/\/agora.xtec.cat\/zer-capdecreus\/wp-content\/uploads\/usu1769\/2024\/02\/20240125_153604-scaled-e1707131523155-300x169.jpg 300w, https:\/\/agora.xtec.cat\/zer-capdecreus\/wp-content\/uploads\/usu1769\/2024\/02\/20240125_153604-scaled-e1707131523155-768x432.jpg 768w, https:\/\/agora.xtec.cat\/zer-capdecreus\/wp-content\/uploads\/usu1769\/2024\/02\/20240125_153604-scaled-e1707131523155-1536x864.jpg 1536w, https:\/\/agora.xtec.cat\/zer-capdecreus\/wp-content\/uploads\/usu1769\/2024\/02\/20240125_153604-scaled-e1707131523155-2048x1152.jpg 2048w\" sizes=\"auto, (max-width: 1024px) 100vw, 1024px\" \/><\/a><em>Clica la imatge per accedir al recull de fotografies.<\/em><\/p>\n","protected":false},"excerpt":{"rendered":"<p>El passat dijous 25 de gener, els alumnes de cicle superior vam rebre la visita de l&#8217;Isidre Coromines. L&#8217;Isidre, gran coneixedor de la hist\u00f2ria del poble i autor de varis llibres sobre el Port de la Selva, ens va preparar un itinerari per la fa\u00e7ana&hellip;  <a href=\"https:\/\/agora.xtec.cat\/zer-capdecreus\/portada\/projecte-coneixem-la-historia-del-nostre-poble-lahir-i-lavui-taller-de-fotografia-antiga\/\" title=\"Read Projecte Coneixem la hist\u00f2ria del nostre poble. L&#8217;ahir i l&#8217;avui. Taller de fotografia antiga\">Llegeix m\u00e9s\u00bb<\/a><\/p>\n","protected":false},"author":1,"featured_media":7007,"comment_status":"open","ping_status":"closed","sticky":false,"template":"","format":"standard","meta":{"_bbp_topic_count":0,"_bbp_reply_count":0,"_bbp_total_topic_count":0,"_bbp_total_reply_count":0,"_bbp_voice_count":0,"_bbp_anonymous_reply_count":0,"_bbp_topic_count_hidden":0,"_bbp_reply_count_hidden":0,"_bbp_forum_subforum_count":0,"footnotes":""},"categories":[117,59,29],"tags":[],"class_list":["post-7006","post","type-post","status-publish","format-standard","has-post-thumbnail","hentry","category-cicle-superior-clisques","category-escola-clisques","category-portada"],"post_mailing_queue_ids":[],"_links":{"self":[{"href":"https:\/\/agora.xtec.cat\/zer-capdecreus\/wp-json\/wp\/v2\/posts\/7006","targetHints":{"allow":["GET"]}}],"collection":[{"href":"https:\/\/agora.xtec.cat\/zer-capdecreus\/wp-json\/wp\/v2\/posts"}],"about":[{"href":"https:\/\/agora.xtec.cat\/zer-capdecreus\/wp-json\/wp\/v2\/types\/post"}],"author":[{"embeddable":true,"href":"https:\/\/agora.xtec.cat\/zer-capdecreus\/wp-json\/wp\/v2\/users\/1"}],"replies":[{"embeddable":true,"href":"https:\/\/agora.xtec.cat\/zer-capdecreus\/wp-json\/wp\/v2\/comments?post=7006"}],"version-history":[{"count":4,"href":"https:\/\/agora.xtec.cat\/zer-capdecreus\/wp-json\/wp\/v2\/posts\/7006\/revisions"}],"predecessor-version":[{"id":7011,"href":"https:\/\/agora.xtec.cat\/zer-capdecreus\/wp-json\/wp\/v2\/posts\/7006\/revisions\/7011"}],"wp:featuredmedia":[{"embeddable":true,"href":"https:\/\/agora.xtec.cat\/zer-capdecreus\/wp-json\/wp\/v2\/media\/7007"}],"wp:attachment":[{"href":"https:\/\/agora.xtec.cat\/zer-capdecreus\/wp-json\/wp\/v2\/media?parent=7006"}],"wp:term":[{"taxonomy":"category","embeddable":true,"href":"https:\/\/agora.xtec.cat\/zer-capdecreus\/wp-json\/wp\/v2\/categories?post=7006"},{"taxonomy":"post_tag","embeddable":true,"href":"https:\/\/agora.xtec.cat\/zer-capdecreus\/wp-json\/wp\/v2\/tags?post=7006"}],"curies":[{"name":"wp","href":"https:\/\/api.w.org\/{rel}","templated":true}]}}