{"id":6903,"date":"2023-11-30T17:00:29","date_gmt":"2023-11-30T16:00:29","guid":{"rendered":"https:\/\/agora.xtec.cat\/zer-capdecreus\/?p=6903"},"modified":"2023-12-04T00:02:45","modified_gmt":"2023-12-03T23:02:45","slug":"projecte-coneixem-la-historia-del-nostre-poble-100-anys-de-lantoni-ribas","status":"publish","type":"post","link":"https:\/\/agora.xtec.cat\/zer-capdecreus\/portada\/projecte-coneixem-la-historia-del-nostre-poble-100-anys-de-lantoni-ribas\/","title":{"rendered":"Projecte Coneixem la hist\u00f2ria del nostre poble. 100 anys de l&#8217;Antoni Ribas"},"content":{"rendered":"<p style=\"text-align: justify;\">Aquest curs 22-23, com ja sabeu, a l&#8217;escola Les Clisques treballem la hist\u00f2ria del nostre poble. I aquest dijous 30 de novembre hem tingut l&#8217;honor de rebre una persona que representa la hist\u00f2ria viva del poble. I \u00e9s que l&#8217;Antoni Ribas, fill del Port de la Selva ahir va celebrar el seu 100\u00e8 aniversari.<\/p>\n<p style=\"text-align: justify;\">Amb la col\u00b7laboraci\u00f3 de la seva fam\u00edlia i amics, l&#8217;ajuntament i l&#8217;associaci\u00f3 La Pedra d&#8217;Amarra li hem preparat una sorpresa, i \u00e9s que hem rebut l&#8217;Antoni i la seva dona Maria Esperan\u00e7a a l&#8217;escola i li hem ofert 2 regals molt especials: Primer li hem cantant la bonica havanera del Vell Pescador, i ho hem fet amb l&#8217;ajut de qui mai ens falla: en Santi Musquera. Despr\u00e9s li hem regalalt uns dibuixos fets per tots els alumnes de l&#8217;escola. D&#8217;aquesta manera els m\u00e9s petits del poble li han fet un merescut homenatge a l&#8217;Antoni.<\/p>\n<p style=\"text-align: justify;\">Tamb\u00e9 ens ha acompanyat l&#8217;alcalde Josep Maria Cervera que ens ha fet de mestre de cerim\u00f2nies com nom\u00e9s ell sap fer. Moltes gr\u00e0cies!<\/p>\n<p style=\"text-align: justify;\">La fam\u00edlia, com a agra\u00efment ens ha ofert uns confits a tots els alumnes i mestres de l&#8217;escola i tots junts hem pogut bufar les 100 espelmes d&#8217;un gran past\u00eds que tots hem gaudit.<\/p>\n<p style=\"text-align: justify;\">Ha estat un dia molt especial i emocionant per a tots nosaltres.<\/p>\n<p style=\"text-align: center;\"><em>Clica a la imatge per a accedir al recull de fotografies.<\/em><\/p>\n<p><a href=\"https:\/\/drive.google.com\/drive\/folders\/166yK_nfDFuvGztxSzSq4SYgLXRq6zklf?usp=drive_link\"><img loading=\"lazy\" decoding=\"async\" class=\"aligncenter size-large wp-image-6904\" src=\"https:\/\/agora.xtec.cat\/zer-capdecreus\/wp-content\/uploads\/usu1769\/2023\/11\/bona21-1024x488.jpg\" alt=\"\" width=\"1024\" height=\"488\" srcset=\"https:\/\/agora.xtec.cat\/zer-capdecreus\/wp-content\/uploads\/usu1769\/2023\/11\/bona21-1024x488.jpg 1024w, https:\/\/agora.xtec.cat\/zer-capdecreus\/wp-content\/uploads\/usu1769\/2023\/11\/bona21-300x143.jpg 300w, https:\/\/agora.xtec.cat\/zer-capdecreus\/wp-content\/uploads\/usu1769\/2023\/11\/bona21-768x366.jpg 768w, https:\/\/agora.xtec.cat\/zer-capdecreus\/wp-content\/uploads\/usu1769\/2023\/11\/bona21-1536x731.jpg 1536w, https:\/\/agora.xtec.cat\/zer-capdecreus\/wp-content\/uploads\/usu1769\/2023\/11\/bona21-2048x975.jpg 2048w\" sizes=\"auto, (max-width: 1024px) 100vw, 1024px\" \/><\/a><br \/>\n<iframe loading=\"lazy\" title=\"YouTube video player\" src=\"https:\/\/www.youtube.com\/embed\/wdbg0AMtFfU?si=xu7usIvo47G-bnUH\" width=\"560\" height=\"315\" frameborder=\"0\" allowfullscreen=\"allowfullscreen\"><\/iframe><br \/>\n<iframe loading=\"lazy\" title=\"YouTube video player\" src=\"https:\/\/www.youtube.com\/embed\/vnqFn86DldI?si=ZmLYnnmN7tlR_BC3\" width=\"560\" height=\"315\" frameborder=\"0\" allowfullscreen=\"allowfullscreen\"><\/iframe><\/p>\n","protected":false},"excerpt":{"rendered":"<p>Aquest curs 22-23, com ja sabeu, a l&#8217;escola Les Clisques treballem la hist\u00f2ria del nostre poble. I aquest dijous 30 de novembre hem tingut l&#8217;honor de rebre una persona que representa la hist\u00f2ria viva del poble. I \u00e9s que l&#8217;Antoni Ribas, fill del Port de&hellip;  <a href=\"https:\/\/agora.xtec.cat\/zer-capdecreus\/portada\/projecte-coneixem-la-historia-del-nostre-poble-100-anys-de-lantoni-ribas\/\" title=\"Read Projecte Coneixem la hist\u00f2ria del nostre poble. 100 anys de l&#8217;Antoni Ribas\">Llegeix m\u00e9s\u00bb<\/a><\/p>\n","protected":false},"author":1,"featured_media":6904,"comment_status":"open","ping_status":"closed","sticky":false,"template":"","format":"standard","meta":{"_bbp_topic_count":0,"_bbp_reply_count":0,"_bbp_total_topic_count":0,"_bbp_total_reply_count":0,"_bbp_voice_count":0,"_bbp_anonymous_reply_count":0,"_bbp_topic_count_hidden":0,"_bbp_reply_count_hidden":0,"_bbp_forum_subforum_count":0,"footnotes":""},"categories":[116,118,117,140,59,29],"tags":[],"class_list":["post-6903","post","type-post","status-publish","format-standard","has-post-thumbnail","hentry","category-cicle-inicial-clisques","category-cicle-mitja-clisques","category-cicle-superior-clisques","category-educacio-infantil-clisques","category-escola-clisques","category-portada"],"post_mailing_queue_ids":[],"_links":{"self":[{"href":"https:\/\/agora.xtec.cat\/zer-capdecreus\/wp-json\/wp\/v2\/posts\/6903","targetHints":{"allow":["GET"]}}],"collection":[{"href":"https:\/\/agora.xtec.cat\/zer-capdecreus\/wp-json\/wp\/v2\/posts"}],"about":[{"href":"https:\/\/agora.xtec.cat\/zer-capdecreus\/wp-json\/wp\/v2\/types\/post"}],"author":[{"embeddable":true,"href":"https:\/\/agora.xtec.cat\/zer-capdecreus\/wp-json\/wp\/v2\/users\/1"}],"replies":[{"embeddable":true,"href":"https:\/\/agora.xtec.cat\/zer-capdecreus\/wp-json\/wp\/v2\/comments?post=6903"}],"version-history":[{"count":6,"href":"https:\/\/agora.xtec.cat\/zer-capdecreus\/wp-json\/wp\/v2\/posts\/6903\/revisions"}],"predecessor-version":[{"id":6934,"href":"https:\/\/agora.xtec.cat\/zer-capdecreus\/wp-json\/wp\/v2\/posts\/6903\/revisions\/6934"}],"wp:featuredmedia":[{"embeddable":true,"href":"https:\/\/agora.xtec.cat\/zer-capdecreus\/wp-json\/wp\/v2\/media\/6904"}],"wp:attachment":[{"href":"https:\/\/agora.xtec.cat\/zer-capdecreus\/wp-json\/wp\/v2\/media?parent=6903"}],"wp:term":[{"taxonomy":"category","embeddable":true,"href":"https:\/\/agora.xtec.cat\/zer-capdecreus\/wp-json\/wp\/v2\/categories?post=6903"},{"taxonomy":"post_tag","embeddable":true,"href":"https:\/\/agora.xtec.cat\/zer-capdecreus\/wp-json\/wp\/v2\/tags?post=6903"}],"curies":[{"name":"wp","href":"https:\/\/api.w.org\/{rel}","templated":true}]}}