{"id":6601,"date":"2023-06-08T18:31:42","date_gmt":"2023-06-08T16:31:42","guid":{"rendered":"https:\/\/agora.xtec.cat\/zer-capdecreus\/?p=6601"},"modified":"2023-06-09T16:43:21","modified_gmt":"2023-06-09T14:43:21","slug":"projecte-de-les-alzines-sureres-trobada-amb-alumnes-i-mestres-de-lescola-de-ceret","status":"publish","type":"post","link":"https:\/\/agora.xtec.cat\/zer-capdecreus\/portada\/projecte-de-les-alzines-sureres-trobada-amb-alumnes-i-mestres-de-lescola-de-ceret\/","title":{"rendered":"Projecte de les Alzines Sureres. Trobada amb alumnes i mestres de l&#8217;escola de Ceret"},"content":{"rendered":"<p style=\"text-align: justify;\">Aquest dimecres i dijous els alumnes i els mestres de l&#8217;escola Les Clisques del Port de la Selva hem comen\u00e7at un nou projecte juntament amb l&#8217;escola agr\u00edcola de Ceret.<\/p>\n<p style=\"text-align: justify;\">Despr\u00e9s d&#8217;una visita al nostre poble per part de la Nancy mestra de l&#8217;escola de Ceret i despr\u00e9s dels incendis que van afectar el nostre territori, la Nancy, en Pau i l&#8217;Isidre, van comen\u00e7ar a idear el projecte de les Alzines Sureres.<\/p>\n<p style=\"text-align: justify;\">L&#8217;objectiu principal \u00e9s el d&#8217;educar els alumnes de les escoles del territori en la preservaci\u00f3 i valoraci\u00f3 de l&#8217;entorn.<\/p>\n<p style=\"text-align: justify;\">El projecte, que \u00e9s molt ampli, l&#8217;iniciem creant un planter d&#8217;alzines sureres, esp\u00e8cie molt resistent al foc i arbre aut\u00f2cton de la zona.<\/p>\n<p style=\"text-align: justify;\">Per fer-ho, comptem amb l&#8217;ajuda dels mestres i alumnes de l&#8217;escola de Ceret, ells han ideat un sistema senzill i eficient per a fer planter d&#8217;alzina surera i anar introduint, de mica en mica aquest arbre al nostre entorn de Port de la Selva i Selva de Mar. Incloent la zona de St. Pere de Rodes.<\/p>\n<p style=\"text-align: justify;\">El dimecres ens van fer una mostra de com es planta una gla utilitzant caixes de fruita, terra i escor\u00e7a d&#8217;arbre. Tamb\u00e9 ens van ensenyar com fer un bon reg i vam visitar la primera de les zones on es podria plantar els arbres. Tamb\u00e9 vam rebre la visita d&#8217;en Pon\u00e7 Feliu, director del Parc Natural del Cap de Creus.<\/p>\n<p style=\"text-align: justify;\">El dijous, l&#8217;activitat s&#8217;ha traslladat al monestir de St. Pere de Rodes on han pogut con\u00e8ixer aquest monument tant important de les nostres terres.<\/p>\n<p>El projecte rep el suport de l&#8217;ajuntament del Port de la Selva, de l&#8217;ajuntament de Selva de Mar i del Parc Natural del Cap de Creus, \u00e9s per aix\u00f2 que en aquesta trobada ens han acompanyat els seus representants. Moltes gr\u00e0cies a tots.<\/p>\n<p style=\"text-align: justify;\">Sabem que el projecte no \u00e9s f\u00e0cil, per\u00f2 l&#8217;iniciem amb molta il\u00b7lusi\u00f3 i esperan\u00e7a.<\/p>\n<p style=\"text-align: justify;\">Gr\u00e0cies companys de Ceret!<\/p>\n<p style=\"text-align: center;\"><em>Clica la imatge per accedir al recull de fotografies.<\/em><\/p>\n<p><a href=\"https:\/\/drive.google.com\/drive\/folders\/131kInAdFdci2tXDWXSnXSIqSgRWCZ3io?usp=sharing\"><img loading=\"lazy\" decoding=\"async\" class=\"aligncenter wp-image-6602 size-large\" src=\"https:\/\/agora.xtec.cat\/zer-capdecreus\/wp-content\/uploads\/usu1769\/2023\/06\/20230608_093934-1024x576.jpg\" alt=\"\" width=\"1024\" height=\"576\" srcset=\"https:\/\/agora.xtec.cat\/zer-capdecreus\/wp-content\/uploads\/usu1769\/2023\/06\/20230608_093934-1024x576.jpg 1024w, https:\/\/agora.xtec.cat\/zer-capdecreus\/wp-content\/uploads\/usu1769\/2023\/06\/20230608_093934-300x169.jpg 300w, https:\/\/agora.xtec.cat\/zer-capdecreus\/wp-content\/uploads\/usu1769\/2023\/06\/20230608_093934-768x432.jpg 768w, https:\/\/agora.xtec.cat\/zer-capdecreus\/wp-content\/uploads\/usu1769\/2023\/06\/20230608_093934-1536x864.jpg 1536w, https:\/\/agora.xtec.cat\/zer-capdecreus\/wp-content\/uploads\/usu1769\/2023\/06\/20230608_093934-2048x1152.jpg 2048w\" sizes=\"auto, (max-width: 1024px) 100vw, 1024px\" \/><\/a><\/p>\n","protected":false},"excerpt":{"rendered":"<p>Aquest dimecres i dijous els alumnes i els mestres de l&#8217;escola Les Clisques del Port de la Selva hem comen\u00e7at un nou projecte juntament amb l&#8217;escola agr\u00edcola de Ceret.<br \/>\nDespr\u00e9s d&#8217;una visita al nostre poble per part de la Nancy mestra de l&#8217;escola de Ceret i&hellip;  <a href=\"https:\/\/agora.xtec.cat\/zer-capdecreus\/portada\/projecte-de-les-alzines-sureres-trobada-amb-alumnes-i-mestres-de-lescola-de-ceret\/\" title=\"Read Projecte de les Alzines Sureres. Trobada amb alumnes i mestres de l&#8217;escola de Ceret\">Llegeix m\u00e9s\u00bb<\/a><\/p>\n","protected":false},"author":3,"featured_media":6602,"comment_status":"open","ping_status":"closed","sticky":false,"template":"","format":"standard","meta":{"_bbp_topic_count":0,"_bbp_reply_count":0,"_bbp_total_topic_count":0,"_bbp_total_reply_count":0,"_bbp_voice_count":0,"_bbp_anonymous_reply_count":0,"_bbp_topic_count_hidden":0,"_bbp_reply_count_hidden":0,"_bbp_forum_subforum_count":0,"footnotes":""},"categories":[116,118,117,59,133,29],"tags":[],"class_list":["post-6601","post","type-post","status-publish","format-standard","has-post-thumbnail","hentry","category-cicle-inicial-clisques","category-cicle-mitja-clisques","category-cicle-superior-clisques","category-escola-clisques","category-escola-verda","category-portada"],"post_mailing_queue_ids":[],"_links":{"self":[{"href":"https:\/\/agora.xtec.cat\/zer-capdecreus\/wp-json\/wp\/v2\/posts\/6601","targetHints":{"allow":["GET"]}}],"collection":[{"href":"https:\/\/agora.xtec.cat\/zer-capdecreus\/wp-json\/wp\/v2\/posts"}],"about":[{"href":"https:\/\/agora.xtec.cat\/zer-capdecreus\/wp-json\/wp\/v2\/types\/post"}],"author":[{"embeddable":true,"href":"https:\/\/agora.xtec.cat\/zer-capdecreus\/wp-json\/wp\/v2\/users\/3"}],"replies":[{"embeddable":true,"href":"https:\/\/agora.xtec.cat\/zer-capdecreus\/wp-json\/wp\/v2\/comments?post=6601"}],"version-history":[{"count":3,"href":"https:\/\/agora.xtec.cat\/zer-capdecreus\/wp-json\/wp\/v2\/posts\/6601\/revisions"}],"predecessor-version":[{"id":6619,"href":"https:\/\/agora.xtec.cat\/zer-capdecreus\/wp-json\/wp\/v2\/posts\/6601\/revisions\/6619"}],"wp:featuredmedia":[{"embeddable":true,"href":"https:\/\/agora.xtec.cat\/zer-capdecreus\/wp-json\/wp\/v2\/media\/6602"}],"wp:attachment":[{"href":"https:\/\/agora.xtec.cat\/zer-capdecreus\/wp-json\/wp\/v2\/media?parent=6601"}],"wp:term":[{"taxonomy":"category","embeddable":true,"href":"https:\/\/agora.xtec.cat\/zer-capdecreus\/wp-json\/wp\/v2\/categories?post=6601"},{"taxonomy":"post_tag","embeddable":true,"href":"https:\/\/agora.xtec.cat\/zer-capdecreus\/wp-json\/wp\/v2\/tags?post=6601"}],"curies":[{"name":"wp","href":"https:\/\/api.w.org\/{rel}","templated":true}]}}