{"id":6009,"date":"2022-09-21T17:41:01","date_gmt":"2022-09-21T15:41:01","guid":{"rendered":"https:\/\/agora.xtec.cat\/zer-capdecreus\/?p=6009"},"modified":"2022-09-21T17:41:01","modified_gmt":"2022-09-21T15:41:01","slug":"primers-dies-descola-carregant-piles","status":"publish","type":"post","link":"https:\/\/agora.xtec.cat\/zer-capdecreus\/escola-puig-esquers\/primers-dies-descola-carregant-piles\/","title":{"rendered":"Primers dies d&#8217;escola carregant piles!"},"content":{"rendered":"<p>Ja hem iniciat el curs 22&#8242;- 23&#8242; i ho hem fet de la millor manera! \ud83d\ude00<\/p>\n<p>Hem tornat a viure experi\u00e8ncies plegats i plegades aprofitant l&#8217;entorn i les oportunitats que ens ofereix el poble de Colera. Tamb\u00e9 hem aprofitat els primers dies per dur a terme diferents din\u00e0miques que ajudessin a fomentar els valors principals de l&#8217;escola: treball en equip, respecte, empatia, confian\u00e7a, autoestima, etc.<\/p>\n<p><a href=\"https:\/\/photos.app.goo.gl\/j2h8e8K45W7p4CzQ8\"><img loading=\"lazy\" decoding=\"async\" class=\"wp-image-6010 aligncenter\" src=\"https:\/\/agora.xtec.cat\/zer-capdecreus\/wp-content\/uploads\/usu1769\/2022\/09\/1662650283610-461x1024.jpg\" alt=\"\" width=\"406\" height=\"902\" srcset=\"https:\/\/agora.xtec.cat\/zer-capdecreus\/wp-content\/uploads\/usu1769\/2022\/09\/1662650283610-461x1024.jpg 461w, https:\/\/agora.xtec.cat\/zer-capdecreus\/wp-content\/uploads\/usu1769\/2022\/09\/1662650283610-135x300.jpg 135w, https:\/\/agora.xtec.cat\/zer-capdecreus\/wp-content\/uploads\/usu1769\/2022\/09\/1662650283610-768x1707.jpg 768w, https:\/\/agora.xtec.cat\/zer-capdecreus\/wp-content\/uploads\/usu1769\/2022\/09\/1662650283610-691x1536.jpg 691w, https:\/\/agora.xtec.cat\/zer-capdecreus\/wp-content\/uploads\/usu1769\/2022\/09\/1662650283610-921x2048.jpg 921w, https:\/\/agora.xtec.cat\/zer-capdecreus\/wp-content\/uploads\/usu1769\/2022\/09\/1662650283610.jpg 1040w\" sizes=\"auto, (max-width: 406px) 100vw, 406px\" \/><\/a><\/p>\n","protected":false},"excerpt":{"rendered":"<p>Ja hem iniciat el curs 22&#8242;- 23&#8242; i ho hem fet de la millor manera! \ud83d\ude00<br \/>\nHem tornat a viure experi\u00e8ncies plegats i plegades aprofitant l&#8217;entorn i les oportunitats que ens ofereix el poble de Colera. Tamb\u00e9 hem aprofitat els primers dies per dur a terme&hellip;  <a href=\"https:\/\/agora.xtec.cat\/zer-capdecreus\/escola-puig-esquers\/primers-dies-descola-carregant-piles\/\" title=\"Read Primers dies d&#8217;escola carregant piles!\">Llegeix m\u00e9s\u00bb<\/a><\/p>\n","protected":false},"author":1,"featured_media":6010,"comment_status":"open","ping_status":"closed","sticky":false,"template":"","format":"standard","meta":{"_bbp_topic_count":0,"_bbp_reply_count":0,"_bbp_total_topic_count":0,"_bbp_total_reply_count":0,"_bbp_voice_count":0,"_bbp_anonymous_reply_count":0,"_bbp_topic_count_hidden":0,"_bbp_reply_count_hidden":0,"_bbp_forum_subforum_count":0,"footnotes":""},"categories":[141,142,143,115,68],"tags":[],"class_list":["post-6009","post","type-post","status-publish","format-standard","has-post-thumbnail","hentry","category-cicle-inicial-puig-esquers","category-cicle-mitja-puig-esquers","category-cicle-superior-puig-esquers","category-educacio-infantil-puig-esquers","category-escola-puig-esquers"],"post_mailing_queue_ids":[],"_links":{"self":[{"href":"https:\/\/agora.xtec.cat\/zer-capdecreus\/wp-json\/wp\/v2\/posts\/6009","targetHints":{"allow":["GET"]}}],"collection":[{"href":"https:\/\/agora.xtec.cat\/zer-capdecreus\/wp-json\/wp\/v2\/posts"}],"about":[{"href":"https:\/\/agora.xtec.cat\/zer-capdecreus\/wp-json\/wp\/v2\/types\/post"}],"author":[{"embeddable":true,"href":"https:\/\/agora.xtec.cat\/zer-capdecreus\/wp-json\/wp\/v2\/users\/1"}],"replies":[{"embeddable":true,"href":"https:\/\/agora.xtec.cat\/zer-capdecreus\/wp-json\/wp\/v2\/comments?post=6009"}],"version-history":[{"count":3,"href":"https:\/\/agora.xtec.cat\/zer-capdecreus\/wp-json\/wp\/v2\/posts\/6009\/revisions"}],"predecessor-version":[{"id":6013,"href":"https:\/\/agora.xtec.cat\/zer-capdecreus\/wp-json\/wp\/v2\/posts\/6009\/revisions\/6013"}],"wp:featuredmedia":[{"embeddable":true,"href":"https:\/\/agora.xtec.cat\/zer-capdecreus\/wp-json\/wp\/v2\/media\/6010"}],"wp:attachment":[{"href":"https:\/\/agora.xtec.cat\/zer-capdecreus\/wp-json\/wp\/v2\/media?parent=6009"}],"wp:term":[{"taxonomy":"category","embeddable":true,"href":"https:\/\/agora.xtec.cat\/zer-capdecreus\/wp-json\/wp\/v2\/categories?post=6009"},{"taxonomy":"post_tag","embeddable":true,"href":"https:\/\/agora.xtec.cat\/zer-capdecreus\/wp-json\/wp\/v2\/tags?post=6009"}],"curies":[{"name":"wp","href":"https:\/\/api.w.org\/{rel}","templated":true}]}}